{"id":104,"date":"2008-08-30T22:54:23","date_gmt":"2008-08-31T02:54:23","guid":{"rendered":"http:\/\/blogviejo.sld.cu\/avisosciclon\/2008\/08\/30\/huracan-gustav-aviso-no-25-a\/"},"modified":"2008-08-30T22:54:23","modified_gmt":"2008-08-31T02:54:23","slug":"huracan-gustav-aviso-no-25-a","status":"publish","type":"post","link":"https:\/\/blogs.sld.cu\/behique\/2008\/08\/30\/huracan-gustav-aviso-no-25-a\/","title":{"rendered":"Hurac\u00e1n Gustav Aviso No. 25-A"},"content":{"rendered":"<p>Aviso de Cicl\u00f3n Tropical.<br \/>\nCentro de Pron\u00f3sticos, INSMET.<br \/>\nFecha: 30 de agosto de 2008. Hora: 9:00 p.m.<\/p>\n<p>AVISO DE CICL\u00d3N TROPICAL No. 25-A<br \/>\nHURACAN GUSTAV<\/p>\n<p>Gustav sale al mar por las inmediaciones de Sanguily<\/p>\n<p>Gustav, el gran hurac\u00e1n que hoy azot\u00f3 a Cuba con una extensa \u00e1rea de influencia de vientos, lluvias e inundaciones costeras, se encuentra saliendo al mar por las inmediaciones de Manuel Sanguily, municipio de La Palma, Pinar del R\u00edo, movi\u00e9ndose al noroeste. En su movimiento actual la afectaci\u00f3n a Cuba se mantendr\u00e1 hasta horas del domingo, aunque disminuyendo gradualmente.<\/p>\n<p>Los chubascos y lluvias fuertes y localmente intensas continuar\u00e1n en zonas desde Ciego de \u00c1vila hasta Pinar del R\u00edo y en la Isla de la Juventud. Se mantendr\u00e1n las marejadas en toda la costa sur y las inundaciones costeras en las zonas bajas de la costa sur desde Cienfuegos hasta Pinar del R\u00edo, incluyendo la Isla de la Juventud. Se iniciaran inundaciones costeras en zonas bajas de la costa norte de Pinar del R\u00edo desde Puerto Esperanza hasta La F\u00e9.<\/p>\n<p>Gustav produjo vientos huracanados en Pinar del R\u00edo y se report\u00f3 una racha m\u00e1xima de 340 kil\u00f3metros por hora, en Paso Real de San Diego a las 6:15 de esta tarde. Vientos con fuerza de tormenta tropical se est\u00e1n sintiendo todav\u00eda en las provincias habaneras, Matanzas y la Isla de la Juventud.<\/p>\n<p>Despu\u00e9s de cruzar por Cuba, Gustav tiene vientos m\u00e1ximos sostenidos de 240 kil\u00f3metros por hora, con rachas superiores, por lo que mantiene la categor\u00eda cuatro de la escala Saffir-Simpson. Su presi\u00f3n central contin\u00faa descendiendo y ahora es de 941 hectoPascal. En las \u00faltimas tres horas se desplaz\u00f3 con rumbo pr\u00f3ximo al noroeste a raz\u00f3n de 24 kil\u00f3metros por hora.<\/p>\n<p>A las nueve de la noche de hoy el centro del Hurac\u00e1n Gustav fue estimado en los 22,9 grados de latitud norte y los 83,6 grados de longitud oeste,\u00a0 posici\u00f3n que lo sit\u00faa en las inmediaciones de Manuel Sanguily, municipio La Palma, Pinar del R\u00edo.<\/p>\n<p>Gustav continuar\u00e1 desplaz\u00e1ndose con un rumbo pr\u00f3ximo al noroeste durante las pr\u00f3ximas 12 a 24 horas a raz\u00f3n de 25 kil\u00f3metros por hora, con posibilidades de ganar algo m\u00e1s en intensidad en el Golfo de M\u00e9xico, con posibilidades de obtener la categor\u00eda 5. Aunque Gustav se alejar\u00e1\u00a0 gradualmente de Cuba, todav\u00eda mantendr\u00e1 su influencia sobre el occidente del Pa\u00eds incluyendo la Isla de la Juventud, debido a sus bandas espirales que se extienden hacia el sur.<\/p>\n<p>El pr\u00f3ximo aviso de cicl\u00f3n tropical se emitir\u00e1 a la medianoche.<\/p>\n<p>J. Rubiera\/M. Llanes\/C. Gonz\u00e1lez\/M. Ballester\/M. A. Hern\u00e1ndez\/Y. Berm\u00fadez.\/C. Larrinaga<\/p>\n","protected":false},"excerpt":{"rendered":"<p>Aviso de Cicl\u00f3n Tropical. Centro de Pron\u00f3sticos, INSMET. Fecha: 30 de agosto de 2008. Hora: 9:00 p.m. AVISO DE CICL\u00d3N TROPICAL No. 25-A HURACAN GUSTAV Gustav sale al mar por las inmediaciones de Sanguily Gustav, el gran hurac\u00e1n que hoy azot\u00f3 a Cuba con una extensa \u00e1rea de influencia de vientos, lluvias e inundaciones costeras, [&hellip;]<\/p>\n","protected":false},"author":169,"featured_media":0,"comment_status":"closed","ping_status":"open","sticky":false,"template":"","format":"standard","meta":[],"categories":[68,114,5],"tags":[],"_links":{"self":[{"href":"https:\/\/blogs.sld.cu\/behique\/wp-json\/wp\/v2\/posts\/104"}],"collection":[{"href":"https:\/\/blogs.sld.cu\/behique\/wp-json\/wp\/v2\/posts"}],"about":[{"href":"https:\/\/blogs.sld.cu\/behique\/wp-json\/wp\/v2\/types\/post"}],"author":[{"embeddable":true,"href":"https:\/\/blogs.sld.cu\/behique\/wp-json\/wp\/v2\/users\/169"}],"replies":[{"embeddable":true,"href":"https:\/\/blogs.sld.cu\/behique\/wp-json\/wp\/v2\/comments?post=104"}],"version-history":[{"count":0,"href":"https:\/\/blogs.sld.cu\/behique\/wp-json\/wp\/v2\/posts\/104\/revisions"}],"wp:attachment":[{"href":"https:\/\/blogs.sld.cu\/behique\/wp-json\/wp\/v2\/media?parent=104"}],"wp:term":[{"taxonomy":"category","embeddable":true,"href":"https:\/\/blogs.sld.cu\/behique\/wp-json\/wp\/v2\/categories?post=104"},{"taxonomy":"post_tag","embeddable":true,"href":"https:\/\/blogs.sld.cu\/behique\/wp-json\/wp\/v2\/tags?post=104"}],"curies":[{"name":"wp","href":"https:\/\/api.w.org\/{rel}","templated":true}]}}