{"id":105,"date":"2008-08-31T00:10:32","date_gmt":"2008-08-31T04:10:32","guid":{"rendered":"http:\/\/blogviejo.sld.cu\/avisosciclon\/2008\/08\/31\/huracan-gustav-aviso-no-26\/"},"modified":"2008-08-31T00:10:32","modified_gmt":"2008-08-31T04:10:32","slug":"huracan-gustav-aviso-no-26","status":"publish","type":"post","link":"https:\/\/blogs.sld.cu\/behique\/2008\/08\/31\/huracan-gustav-aviso-no-26\/","title":{"rendered":"Hurac\u00e1n Gustav Aviso No. 26"},"content":{"rendered":"<p>Aviso de Cicl\u00f3n Tropical.<br \/>\nCentro de Pron\u00f3sticos, INSMET.<br \/>\nFecha: 31 de agosto de 2008. Hora: 12:01 a.m.<\/p>\n<p>AVISO DE CICL\u00d3N TROPICAL No. 26<\/p>\n<p>HURACAN GUSTAV<\/p>\n<p>Gustav se aleja de Cuba<\/p>\n<p>Gustav, el gran hurac\u00e1n que hoy azot\u00f3 a Cuba con una extensa \u00e1rea de influencia de vientos, lluvias e inundaciones costeras, se aleja al noroeste a raz\u00f3n de 24 kil\u00f3metros por hora. En su movimiento actual la afectaci\u00f3n a Cuba se mantendr\u00e1 hasta horas del domingo, aunque disminuyendo gradualmente.<\/p>\n<p>Los chubascos y lluvias fuertes y localmente intensas continuar\u00e1n en zonas desde Ciego de \u00c1vila hasta Pinar del R\u00edo y en la Isla de la Juventud. Se mantendr\u00e1n las marejadas en toda la costa sur y las inundaciones costeras en las zonas bajas de la costa sur desde Cienfuegos hasta la Habana. Se iniciaran inundaciones costeras en zonas bajas de la costa norte de Pinar del R\u00edo desde Puerto Esperanza hasta La F\u00e9.<\/p>\n<p>La amplia circulaci\u00f3n de Gustav produce todav\u00eda vientos sostenidos en la regi\u00f3n occidental entre 45 y 50 kil\u00f3metros por hora, con rachas de hasta 63 kil\u00f3metros por hora en Casablanca, Ciudad de La Habana, con lluvias fuertes.<\/p>\n<p>Despu\u00e9s de cruzar por Cuba, Gustav ha disminuido sus vientos m\u00e1ximos sostenidos a 220 kil\u00f3metros por hora, con rachas superiores, por lo que contin\u00faa siendo un hurac\u00e1n categor\u00eda cuatro de la escala Saffir-Simpson de un m\u00e1ximo de cinco. Su presi\u00f3n central ascendi\u00f3 a 948 hPa.<\/p>\n<p>A la medianoche, el centro del hurac\u00e1n Gustav fue estimado en los 23,3 grados de latitud norte y los 84,5 grados de longitud oeste, posici\u00f3n que lo sit\u00faa a 965 kil\u00f3metros por hora al sudeste de Nueva Orle\u00e1ns, en la Louisiana.<\/p>\n<p>Gustav continuar\u00e1 desplaz\u00e1ndose con un rumbo pr\u00f3ximo al noroeste durante las pr\u00f3ximas 12 a 24 horas a raz\u00f3n de 24 kil\u00f3metros por hora, con posibilidades de intensificarse en el Golfo de M\u00e9xico, y alcanzar la categor\u00eda 5. Aunque Gustav se alejar\u00e1 gradualmente de Cuba, todav\u00eda mantendr\u00e1 su influencia sobre el occidente del Pa\u00eds incluyendo la Isla de la Juventud debido a sus bandas espirales que se extienden hacia el sur.<\/p>\n<p>El pr\u00f3ximo aviso de cicl\u00f3n tropical se emitir\u00e1 a las seis de la ma\u00f1ana de hoy domingo.<\/p>\n<p>M. A. Hern\u00e1ndez\/Y. Berm\u00fadez<\/p>\n","protected":false},"excerpt":{"rendered":"<p>Aviso de Cicl\u00f3n Tropical. Centro de Pron\u00f3sticos, INSMET. Fecha: 31 de agosto de 2008. Hora: 12:01 a.m. AVISO DE CICL\u00d3N TROPICAL No. 26 HURACAN GUSTAV Gustav se aleja de Cuba Gustav, el gran hurac\u00e1n que hoy azot\u00f3 a Cuba con una extensa \u00e1rea de influencia de vientos, lluvias e inundaciones costeras, se aleja al noroeste [&hellip;]<\/p>\n","protected":false},"author":169,"featured_media":0,"comment_status":"closed","ping_status":"open","sticky":false,"template":"","format":"standard","meta":[],"categories":[68,114,5],"tags":[],"_links":{"self":[{"href":"https:\/\/blogs.sld.cu\/behique\/wp-json\/wp\/v2\/posts\/105"}],"collection":[{"href":"https:\/\/blogs.sld.cu\/behique\/wp-json\/wp\/v2\/posts"}],"about":[{"href":"https:\/\/blogs.sld.cu\/behique\/wp-json\/wp\/v2\/types\/post"}],"author":[{"embeddable":true,"href":"https:\/\/blogs.sld.cu\/behique\/wp-json\/wp\/v2\/users\/169"}],"replies":[{"embeddable":true,"href":"https:\/\/blogs.sld.cu\/behique\/wp-json\/wp\/v2\/comments?post=105"}],"version-history":[{"count":0,"href":"https:\/\/blogs.sld.cu\/behique\/wp-json\/wp\/v2\/posts\/105\/revisions"}],"wp:attachment":[{"href":"https:\/\/blogs.sld.cu\/behique\/wp-json\/wp\/v2\/media?parent=105"}],"wp:term":[{"taxonomy":"category","embeddable":true,"href":"https:\/\/blogs.sld.cu\/behique\/wp-json\/wp\/v2\/categories?post=105"},{"taxonomy":"post_tag","embeddable":true,"href":"https:\/\/blogs.sld.cu\/behique\/wp-json\/wp\/v2\/tags?post=105"}],"curies":[{"name":"wp","href":"https:\/\/api.w.org\/{rel}","templated":true}]}}