{"id":1069,"date":"2011-08-04T11:59:06","date_gmt":"2011-08-04T15:59:06","guid":{"rendered":"http:\/\/blogviejo.sld.cu\/avisosciclon\/?p=1069"},"modified":"2011-08-04T11:59:06","modified_gmt":"2011-08-04T15:59:06","slug":"tormenta-tropical-emily-aviso-no-11","status":"publish","type":"post","link":"https:\/\/blogs.sld.cu\/behique\/2011\/08\/04\/tormenta-tropical-emily-aviso-no-11\/","title":{"rendered":"Tormenta tropical Emily Aviso No. 11"},"content":{"rendered":"<p>Aviso de Cicl\u00f3n Tropical.<br \/>\nCentro de Pron\u00f3sticos, INSMET.<br \/>\nFecha: 4 de Agosto de 2011 Hora: 12:00 M.<\/p>\n<p>AVISO DE CICLON TROPICAL No 11.<\/p>\n<p>TORMENTA TROPICAL EMILY.<\/p>\n<p>&#8230; Emily se aproxima lentamente al extremo suroeste de Hait\u00ed&#8230;<\/p>\n<p>Las provincias orientales deben continuar prestando atenci\u00f3n a las informaciones sobre la evoluci\u00f3n y futura trayectoria de la tormenta tropical Emily.<\/p>\n<p>Desde el final de la tarde y la noche de hoy las \u00e1reas de lluvias asociadas a Emily comenzar\u00e1n a afectar las provincias orientales, las que pudieran ser localmente intensas en zonas monta\u00f1osas de Guant\u00e1namo, Holgu\u00edn y Santiago de Cuba. Habr\u00e1 marejadas con peligro para las embarcaciones menores en ambos litorales orientales desde el final de la tarde, pudiendo ser fuertes en la costa norte oriental.<\/p>\n<p>Al mediod\u00eda, el centro de la tormenta tropical Emily se estim\u00f3 en los 17.3 grados latitud Norte y los 72.4 grados de longitud Oeste, posici\u00f3n que lo sit\u00faa a unos 145 kil\u00f3metros al sur de Puerto Pr\u00edncipe, Hait\u00ed y a unos 220 kil\u00f3metros al sudeste de la ciudad de Guant\u00e1namo.<\/p>\n<p>Emily mantiene vientos m\u00e1ximos sostenidos de 85 kil\u00f3metros por hora, con rachas superiores; su presi\u00f3n central ha descendido a 1004 hectoPascal. En las \u00faltimas horas se ha movido lentamente en un rumbo pr\u00f3ximo al Oestenoroeste a raz\u00f3n de 7 kil\u00f3metros por hora.<\/p>\n<p>Se pronostica que en las pr\u00f3ximas 24 a 48 horas esta tormenta tropical se mantendr\u00e1 con poco cambio en organizaci\u00f3n e intensidad, e inclinar\u00e1 gradualmente su trayectoria al Noroeste, incrementando ligeramente su velocidad de traslaci\u00f3n. Con este rumbo Emily cruzar\u00e1 sobre la Pen\u00ednsula de Tibur\u00f3n, extremo suroeste de Hait\u00ed, en la noche de hoy, y sobre el extremo oriental de Cuba desde la madrugada del viernes, en direcci\u00f3n a Las Bahamas.<\/p>\n<p>El pr\u00f3ximo Aviso de Cicl\u00f3n Tropical se emitir\u00e1 a las seis de la tarde de hoy.<\/p>\n<p>J. Rubiera\u00a0 M.T. Llanes<\/p>\n","protected":false},"excerpt":{"rendered":"<p>Aviso de Cicl\u00f3n Tropical. Centro de Pron\u00f3sticos, INSMET. Fecha: 4 de Agosto de 2011 Hora: 12:00 M. AVISO DE CICLON TROPICAL No 11. TORMENTA TROPICAL EMILY. &#8230; Emily se aproxima lentamente al extremo suroeste de Hait\u00ed&#8230; Las provincias orientales deben continuar prestando atenci\u00f3n a las informaciones sobre la evoluci\u00f3n y futura trayectoria de la tormenta [&hellip;]<\/p>\n","protected":false},"author":169,"featured_media":0,"comment_status":"closed","ping_status":"open","sticky":false,"template":"","format":"standard","meta":[],"categories":[57,108,8],"tags":[],"_links":{"self":[{"href":"https:\/\/blogs.sld.cu\/behique\/wp-json\/wp\/v2\/posts\/1069"}],"collection":[{"href":"https:\/\/blogs.sld.cu\/behique\/wp-json\/wp\/v2\/posts"}],"about":[{"href":"https:\/\/blogs.sld.cu\/behique\/wp-json\/wp\/v2\/types\/post"}],"author":[{"embeddable":true,"href":"https:\/\/blogs.sld.cu\/behique\/wp-json\/wp\/v2\/users\/169"}],"replies":[{"embeddable":true,"href":"https:\/\/blogs.sld.cu\/behique\/wp-json\/wp\/v2\/comments?post=1069"}],"version-history":[{"count":0,"href":"https:\/\/blogs.sld.cu\/behique\/wp-json\/wp\/v2\/posts\/1069\/revisions"}],"wp:attachment":[{"href":"https:\/\/blogs.sld.cu\/behique\/wp-json\/wp\/v2\/media?parent=1069"}],"wp:term":[{"taxonomy":"category","embeddable":true,"href":"https:\/\/blogs.sld.cu\/behique\/wp-json\/wp\/v2\/categories?post=1069"},{"taxonomy":"post_tag","embeddable":true,"href":"https:\/\/blogs.sld.cu\/behique\/wp-json\/wp\/v2\/tags?post=1069"}],"curies":[{"name":"wp","href":"https:\/\/api.w.org\/{rel}","templated":true}]}}