{"id":1107,"date":"2011-08-19T14:04:31","date_gmt":"2011-08-19T18:04:31","guid":{"rendered":"http:\/\/blogviejo.sld.cu\/avisosciclon\/?p=1107"},"modified":"2011-08-19T14:04:31","modified_gmt":"2011-08-19T18:04:31","slug":"depresion-tropical-no-8-aviso-no-3","status":"publish","type":"post","link":"https:\/\/blogs.sld.cu\/behique\/2011\/08\/19\/depresion-tropical-no-8-aviso-no-3\/","title":{"rendered":"Depresi\u00f3n tropical No. 8 Aviso No. 3"},"content":{"rendered":"<p>Aviso de Cicl\u00f3n Tropical.<br \/>\nCentro de Pron\u00f3sticos, INSMET.<br \/>\nFecha: 19 de Agosto de 2011 Hora: 12:01 PM.<\/p>\n<p>AVISO DE CICLON TROPICAL No 3.<\/p>\n<p>DEPRESION TROPICAL 8<\/p>\n<p>&#8230;Mejor organizada la octava depresi\u00f3n tropical&#8230;<\/p>\n<p>Al mediod\u00eda de hoy, la regi\u00f3n central de la depresi\u00f3n tropical n\u00famero 8 se localiz\u00f3 en 16.1 grados de latitud Norte y 83.9 grados de longitud Oeste, posici\u00f3n que la sit\u00faa a 495 kil\u00f3metros al Este sudeste de Belize.<\/p>\n<p>Im\u00e1genes de sat\u00e9lite y datos de un avi\u00f3n de reconocimiento indican la depresi\u00f3n tropical se ha organizado mejor durante la ma\u00f1ana, aunque mantiene vientos m\u00e1ximos sostenidos de 55 kil\u00f3metros por hora, con rachas superiores y su presi\u00f3n central ha descendido a 1005 hectoPascal.<\/p>\n<p>Se desplaza con rumbo pr\u00f3ximo al oeste a 17 kil\u00f3metros por hora.<\/p>\n<p>Se pronostica que en las pr\u00f3ximas 12 a 24 horas gane algo m\u00e1s en organizaci\u00f3n e intensidad pudiendo convertirse en una tormenta tropical en horas de la tarde de hoy viernes, girando su trayectoria al Oeste noroeste con similar velocidad de traslaci\u00f3n.<\/p>\n<p>El pr\u00f3ximo Aviso de Cicl\u00f3n Tropical sobre este sistema se emitir\u00e1 a las seis de la tarde de hoy.<\/p>\n<p>A. S\u00e1nchez\u00a0\u00a0\u00a0 Y. Berm\u00fadez<\/p>\n","protected":false},"excerpt":{"rendered":"<p>Aviso de Cicl\u00f3n Tropical. Centro de Pron\u00f3sticos, INSMET. Fecha: 19 de Agosto de 2011 Hora: 12:01 PM. AVISO DE CICLON TROPICAL No 3. DEPRESION TROPICAL 8 &#8230;Mejor organizada la octava depresi\u00f3n tropical&#8230; Al mediod\u00eda de hoy, la regi\u00f3n central de la depresi\u00f3n tropical n\u00famero 8 se localiz\u00f3 en 16.1 grados de latitud Norte y 83.9 [&hellip;]<\/p>\n","protected":false},"author":169,"featured_media":0,"comment_status":"closed","ping_status":"open","sticky":false,"template":"","format":"standard","meta":[],"categories":[70,119,8],"tags":[],"_links":{"self":[{"href":"https:\/\/blogs.sld.cu\/behique\/wp-json\/wp\/v2\/posts\/1107"}],"collection":[{"href":"https:\/\/blogs.sld.cu\/behique\/wp-json\/wp\/v2\/posts"}],"about":[{"href":"https:\/\/blogs.sld.cu\/behique\/wp-json\/wp\/v2\/types\/post"}],"author":[{"embeddable":true,"href":"https:\/\/blogs.sld.cu\/behique\/wp-json\/wp\/v2\/users\/169"}],"replies":[{"embeddable":true,"href":"https:\/\/blogs.sld.cu\/behique\/wp-json\/wp\/v2\/comments?post=1107"}],"version-history":[{"count":0,"href":"https:\/\/blogs.sld.cu\/behique\/wp-json\/wp\/v2\/posts\/1107\/revisions"}],"wp:attachment":[{"href":"https:\/\/blogs.sld.cu\/behique\/wp-json\/wp\/v2\/media?parent=1107"}],"wp:term":[{"taxonomy":"category","embeddable":true,"href":"https:\/\/blogs.sld.cu\/behique\/wp-json\/wp\/v2\/categories?post=1107"},{"taxonomy":"post_tag","embeddable":true,"href":"https:\/\/blogs.sld.cu\/behique\/wp-json\/wp\/v2\/tags?post=1107"}],"curies":[{"name":"wp","href":"https:\/\/api.w.org\/{rel}","templated":true}]}}