{"id":113,"date":"2008-09-01T11:45:09","date_gmt":"2008-09-01T15:45:09","guid":{"rendered":"http:\/\/blogviejo.sld.cu\/avisosciclon\/2008\/09\/01\/depresion-tropical-no-9-aviso-no-1\/"},"modified":"2008-09-01T11:45:09","modified_gmt":"2008-09-01T15:45:09","slug":"depresion-tropical-no-9-aviso-no-1","status":"publish","type":"post","link":"https:\/\/blogs.sld.cu\/behique\/2008\/09\/01\/depresion-tropical-no-9-aviso-no-1\/","title":{"rendered":"Depresi\u00f3n tropical No. 9 Aviso No. 1"},"content":{"rendered":"<p>Aviso de Cicl\u00f3n Tropical.<br \/>\nCentro de Pron\u00f3sticos, INSMET.<br \/>\nFecha: 1.\u00ba de septiembre de 2008. Hora: 11:00 a.m.<\/p>\n<p>AVISO DE CICL\u00d3N TROPICAL No. 1<br \/>\nDEPRESION TROPICAL NUEVE<\/p>\n<p>Se forma la depresi\u00f3n tropical nueve<\/p>\n<p>Durante la ma\u00f1ana de hoy se form\u00f3 la depresi\u00f3n tropical n\u00famero nueve de la actual temporada<br \/>\ncicl\u00f3nica. A las once de la ma\u00f1ana su centro fue localizado en los 17,6 grados de latitud norte y los 39,5 grados de longitud oeste, posici\u00f3n que la sit\u00faa a 2365 kil\u00f3metros al este del Arco de las Antillas Menores.<\/p>\n<p>Tiene vientos m\u00e1ximos sostenidos de 55 kil\u00f3metros por hora, con rachas superiores. Su presi\u00f3n m\u00ednima es de 1005 hectoPascal. Se mueve al oeste a 26 kil\u00f3metros por hora.<\/p>\n<p>Se pronostica que en las pr\u00f3ximas 12 a 24 horas este sistema continuar\u00e1 desplaz\u00e1ndose entre el oeste-oestenoroeste y continuar\u00e1 ganando en organizaci\u00f3n e intensidad pudiendo convertirse en tormenta tropical durante la tarde de hoy.<\/p>\n<p>El pr\u00f3ximo aviso de cicl\u00f3n tropical se emitir\u00e1 a las seis de la tarde de hoy lunes.<\/p>\n<p>J. Gonz\u00e1lez\/J. Palacios<\/p>\n","protected":false},"excerpt":{"rendered":"<p>Aviso de Cicl\u00f3n Tropical. Centro de Pron\u00f3sticos, INSMET. Fecha: 1.\u00ba de septiembre de 2008. Hora: 11:00 a.m. AVISO DE CICL\u00d3N TROPICAL No. 1 DEPRESION TROPICAL NUEVE Se forma la depresi\u00f3n tropical nueve Durante la ma\u00f1ana de hoy se form\u00f3 la depresi\u00f3n tropical n\u00famero nueve de la actual temporada cicl\u00f3nica. A las once de la ma\u00f1ana [&hellip;]<\/p>\n","protected":false},"author":169,"featured_media":0,"comment_status":"closed","ping_status":"open","sticky":false,"template":"","format":"standard","meta":[],"categories":[75,121,5],"tags":[],"_links":{"self":[{"href":"https:\/\/blogs.sld.cu\/behique\/wp-json\/wp\/v2\/posts\/113"}],"collection":[{"href":"https:\/\/blogs.sld.cu\/behique\/wp-json\/wp\/v2\/posts"}],"about":[{"href":"https:\/\/blogs.sld.cu\/behique\/wp-json\/wp\/v2\/types\/post"}],"author":[{"embeddable":true,"href":"https:\/\/blogs.sld.cu\/behique\/wp-json\/wp\/v2\/users\/169"}],"replies":[{"embeddable":true,"href":"https:\/\/blogs.sld.cu\/behique\/wp-json\/wp\/v2\/comments?post=113"}],"version-history":[{"count":0,"href":"https:\/\/blogs.sld.cu\/behique\/wp-json\/wp\/v2\/posts\/113\/revisions"}],"wp:attachment":[{"href":"https:\/\/blogs.sld.cu\/behique\/wp-json\/wp\/v2\/media?parent=113"}],"wp:term":[{"taxonomy":"category","embeddable":true,"href":"https:\/\/blogs.sld.cu\/behique\/wp-json\/wp\/v2\/categories?post=113"},{"taxonomy":"post_tag","embeddable":true,"href":"https:\/\/blogs.sld.cu\/behique\/wp-json\/wp\/v2\/tags?post=113"}],"curies":[{"name":"wp","href":"https:\/\/api.w.org\/{rel}","templated":true}]}}