{"id":1141,"date":"2011-08-22T06:07:12","date_gmt":"2011-08-22T10:07:12","guid":{"rendered":"http:\/\/blogviejo.sld.cu\/avisosciclon\/?p=1141"},"modified":"2011-08-22T06:07:12","modified_gmt":"2011-08-22T10:07:12","slug":"huracan-irene-aviso-no-6","status":"publish","type":"post","link":"https:\/\/blogs.sld.cu\/behique\/2011\/08\/22\/huracan-irene-aviso-no-6\/","title":{"rendered":"Hurac\u00e1n Irene Aviso No. 6"},"content":{"rendered":"<p>Aviso de Cicl\u00f3n Tropical.<br \/>\nCentro de Pron\u00f3sticos, INSMET.<br \/>\nFecha: 22 de Agosto de 2011 Hora: 6:00 AM.<\/p>\n<p>AVISO DE CICLON TROPICAL No 6.<\/p>\n<p>HURACAN IRENE.<\/p>\n<p>&#8230; Irene se convierte en un hurac\u00e1n sobre Puerto Rico&#8230;<\/p>\n<p>La Tormenta Tropical Irene durante la madrugada continu\u00f3 su movimiento hacia el oestenoroeste y penetr\u00f3 en Puerto Rico, por la costa este poco despu\u00e9s de una de la madrugada por las inmediaciones de Punta Santiago. Irene durante la madrugada continu\u00f3 ganando m\u00e1s en organizaci\u00f3n a intensidad y alcanz\u00f3 la categor\u00eda de hurac\u00e1n, convirti\u00e9ndose en el primer Hurac\u00e1n de la actual temporada cicl\u00f3nica.<\/p>\n<p>Irene posee ahora vientos m\u00e1ximos sostenidos de 120 kil\u00f3metros por hora, con rachas superiores, su presi\u00f3n central ha descendido a 987 hectoPascal, por lo que ahora es un hurac\u00e1n categor\u00eda 1 de la Escala Saffir-Simpson de un m\u00e1ximo de cinco. Mantiene un rumbo pr\u00f3ximo al oestenoroeste y ha disminuido su velocidad de traslaci\u00f3n a 19 kil\u00f3metros por hora.<\/p>\n<p>A las seis de la ma\u00f1ana el centro del hurac\u00e1n fue estimado en los 18.5 grados de latitud norte y 66.6<\/p>\n<p>grados de longitud oeste, posici\u00f3n que lo sit\u00faa a 65 kil\u00f3metros al Oeste de San Juan, Puerto Rico y a unos 445 kil\u00f3metros al este de Puerto Plata, Rep\u00fablica Dominicana. Se pronostica que en las pr\u00f3ximas 24 a 48 horas Irene mantendr\u00e1 el mismo rumbo, con poco cambio en su velocidad de traslaci\u00f3n y con posibilidad de ganar algo m\u00e1s en intensidad. Con esta trayectoria Irene continuar\u00e1 afectando a Puerto Rico durante la ma\u00f1ana y desde la tarde y la noche a la Rep\u00fablica Dominicana, para aproximarse a la porci\u00f3n norte de Hait\u00ed en la madrugada del martes.<\/p>\n<p>El Centro de Pron\u00f3sticos del Instituto de Meteorolog\u00eda contin\u00faa observando con detenimiento la evoluci\u00f3n y trayectoria del Hurac\u00e1n Irene, debido a la afectaci\u00f3n que pudiera producir en la regi\u00f3n oriental de Cuba desde el martes, principalmente por lluvias.<\/p>\n<p>El pr\u00f3ximo Aviso de Cicl\u00f3n Tropical se emitir\u00e1 al mediod\u00eda de hoy lunes.<\/p>\n<p>A. Caymares\u00a0 Y. Cede\u00f1o<\/p>\n","protected":false},"excerpt":{"rendered":"<p>Aviso de Cicl\u00f3n Tropical. Centro de Pron\u00f3sticos, INSMET. Fecha: 22 de Agosto de 2011 Hora: 6:00 AM. AVISO DE CICLON TROPICAL No 6. HURACAN IRENE. &#8230; Irene se convierte en un hurac\u00e1n sobre Puerto Rico&#8230; La Tormenta Tropical Irene durante la madrugada continu\u00f3 su movimiento hacia el oestenoroeste y penetr\u00f3 en Puerto Rico, por la [&hellip;]<\/p>\n","protected":false},"author":169,"featured_media":0,"comment_status":"closed","ping_status":"open","sticky":false,"template":"","format":"standard","meta":[],"categories":[76,123,8],"tags":[],"_links":{"self":[{"href":"https:\/\/blogs.sld.cu\/behique\/wp-json\/wp\/v2\/posts\/1141"}],"collection":[{"href":"https:\/\/blogs.sld.cu\/behique\/wp-json\/wp\/v2\/posts"}],"about":[{"href":"https:\/\/blogs.sld.cu\/behique\/wp-json\/wp\/v2\/types\/post"}],"author":[{"embeddable":true,"href":"https:\/\/blogs.sld.cu\/behique\/wp-json\/wp\/v2\/users\/169"}],"replies":[{"embeddable":true,"href":"https:\/\/blogs.sld.cu\/behique\/wp-json\/wp\/v2\/comments?post=1141"}],"version-history":[{"count":0,"href":"https:\/\/blogs.sld.cu\/behique\/wp-json\/wp\/v2\/posts\/1141\/revisions"}],"wp:attachment":[{"href":"https:\/\/blogs.sld.cu\/behique\/wp-json\/wp\/v2\/media?parent=1141"}],"wp:term":[{"taxonomy":"category","embeddable":true,"href":"https:\/\/blogs.sld.cu\/behique\/wp-json\/wp\/v2\/categories?post=1141"},{"taxonomy":"post_tag","embeddable":true,"href":"https:\/\/blogs.sld.cu\/behique\/wp-json\/wp\/v2\/tags?post=1141"}],"curies":[{"name":"wp","href":"https:\/\/api.w.org\/{rel}","templated":true}]}}