{"id":1170,"date":"2011-08-25T00:15:41","date_gmt":"2011-08-25T04:15:41","guid":{"rendered":"http:\/\/blogviejo.sld.cu\/avisosciclon\/?p=1170"},"modified":"2011-08-25T00:15:41","modified_gmt":"2011-08-25T04:15:41","slug":"huracan-irene-aviso-no-17","status":"publish","type":"post","link":"https:\/\/blogs.sld.cu\/behique\/2011\/08\/25\/huracan-irene-aviso-no-17\/","title":{"rendered":"Hurac\u00e1n Irene Aviso No. 17"},"content":{"rendered":"<p>Aviso de Cicl\u00f3n Tropical.<br \/>\nCentro de Pron\u00f3sticos, INSMET.<br \/>\nFecha: 25 de Agosto de 2011 Hora: 12:01 AM.<\/p>\n<p>AVISO DE CICLON TROPICAL No 17<\/p>\n<p>HURACAN IRENE.<\/p>\n<p>&#8230;Irene azota\u00a0 a las Bahamas centrales&#8230;<\/p>\n<p>Durante la noche continuar\u00e1n ocurriendo chubascos y lluvias a intervalos en la regi\u00f3n oriental, principalmente en zonas de su costa norte, asociadas a las bandas externas de la periferia del hurac\u00e1n. No obstante, debido a la situaci\u00f3n hidrol\u00f3gica que presentan las provincias orientales, debe continuar la observaci\u00f3n de las \u00e1reas de lluvia que pudieran formarse en las pr\u00f3ximas 24 a 48 horas por las bandas de alimentaci\u00f3n del hurac\u00e1n que se aleja.<\/p>\n<p>Se mantendr\u00e1n las marejadas peligrosas para la navegaci\u00f3n en la costa norte oriental. Los vientos tambi\u00e9n continuar\u00e1n disminuyendo en zonas de la costa norte de Guant\u00e1namo y Holgu\u00edn, con velocidades entre 25 y 40 kil\u00f3metros por hora, con rachas superiores durante los chubascos.<\/p>\n<p>A la medianoche el centro del hurac\u00e1n Irene fue estimado en los 23.9\u00a0 grados de latitud norte y los 75.5\u00a0 grados de longitud oeste, posici\u00f3n que lo sit\u00faa a unos 240\u00a0 kil\u00f3metros al sudeste de Nassau, Bahamas septentrionales.<\/p>\n<p>Irene mantiene vientos m\u00e1ximos sostenidos de 195 kil\u00f3metros por hora, con rachas superiores, su presi\u00f3n m\u00ednima central ha descendido a 952 hectoPascal, por lo que contin\u00faa siendo un intenso hurac\u00e1n categor\u00eda tres en la escala Saffir-Simpson. Se desplaza con rumbo pr\u00f3ximo al noroeste a 19 kil\u00f3metros por hora.<\/p>\n<p>Se pronostica que en las pr\u00f3ximas 24 a 48 horas este hurac\u00e1n inclinar\u00e1 gradualmente su trayectoria al norte, con algunas fluctuaciones en su intensidad, pero con posibilidad de alcanzar la categor\u00eda cuatro de la escala Saffir-Simpson. Con esta trayectoria Irene continuar\u00e1 azotando las Bahamas centrales durante la madrugada.<\/p>\n<p>El pr\u00f3ximo Aviso de Cicl\u00f3n Tropical se emitir\u00e1 a las seis de la ma\u00f1ana del jueves.<\/p>\n<p>A. S\u00e1nchez\/Y. Berm\u00fadez\/A. J\u00fastiz<\/p>\n","protected":false},"excerpt":{"rendered":"<p>Aviso de Cicl\u00f3n Tropical. Centro de Pron\u00f3sticos, INSMET. Fecha: 25 de Agosto de 2011 Hora: 12:01 AM. AVISO DE CICLON TROPICAL No 17 HURACAN IRENE. &#8230;Irene azota\u00a0 a las Bahamas centrales&#8230; Durante la noche continuar\u00e1n ocurriendo chubascos y lluvias a intervalos en la regi\u00f3n oriental, principalmente en zonas de su costa norte, asociadas a las [&hellip;]<\/p>\n","protected":false},"author":169,"featured_media":0,"comment_status":"closed","ping_status":"open","sticky":false,"template":"","format":"standard","meta":[],"categories":[76,123,8],"tags":[],"_links":{"self":[{"href":"https:\/\/blogs.sld.cu\/behique\/wp-json\/wp\/v2\/posts\/1170"}],"collection":[{"href":"https:\/\/blogs.sld.cu\/behique\/wp-json\/wp\/v2\/posts"}],"about":[{"href":"https:\/\/blogs.sld.cu\/behique\/wp-json\/wp\/v2\/types\/post"}],"author":[{"embeddable":true,"href":"https:\/\/blogs.sld.cu\/behique\/wp-json\/wp\/v2\/users\/169"}],"replies":[{"embeddable":true,"href":"https:\/\/blogs.sld.cu\/behique\/wp-json\/wp\/v2\/comments?post=1170"}],"version-history":[{"count":0,"href":"https:\/\/blogs.sld.cu\/behique\/wp-json\/wp\/v2\/posts\/1170\/revisions"}],"wp:attachment":[{"href":"https:\/\/blogs.sld.cu\/behique\/wp-json\/wp\/v2\/media?parent=1170"}],"wp:term":[{"taxonomy":"category","embeddable":true,"href":"https:\/\/blogs.sld.cu\/behique\/wp-json\/wp\/v2\/categories?post=1170"},{"taxonomy":"post_tag","embeddable":true,"href":"https:\/\/blogs.sld.cu\/behique\/wp-json\/wp\/v2\/tags?post=1170"}],"curies":[{"name":"wp","href":"https:\/\/api.w.org\/{rel}","templated":true}]}}