{"id":1189,"date":"2011-08-26T18:14:18","date_gmt":"2011-08-26T22:14:18","guid":{"rendered":"http:\/\/blogviejo.sld.cu\/avisosciclon\/?p=1189"},"modified":"2011-08-26T18:14:18","modified_gmt":"2011-08-26T22:14:18","slug":"depresion-tropical-no-10-aviso-no-3","status":"publish","type":"post","link":"https:\/\/blogs.sld.cu\/behique\/2011\/08\/26\/depresion-tropical-no-10-aviso-no-3\/","title":{"rendered":"Depresi\u00f3n tropical No. 10 Aviso No. 3"},"content":{"rendered":"<p>Aviso de Cicl\u00f3n Tropical.<br \/>\nCentro de Pron\u00f3sticos, INSMET.<br \/>\nFecha: 26 de Agosto de 2011 Hora: 6:00 PM.<\/p>\n<p>AVISO DE CICLON TROPICAL No. 3.<\/p>\n<p>DEPRESION TROPICAL No. 10.<\/p>\n<p>&#8230; d\u00e9cima depresi\u00f3n tropical contin\u00faa al noroeste en el Atl\u00e1ntico lejano&#8230;.<\/p>\n<p>La d\u00e9cima depresi\u00f3n tropical ha continuado con rumbo noroeste a 13 kil\u00f3metros por hora, por aguas del Atl\u00e1ntico lejano.<\/p>\n<p>A las seis de la tarde su regi\u00f3n central se estim\u00f3 en los 15.7 grados de latitud norte y los 34.4<\/p>\n<p>grados de latitud oeste, a 1230 kil\u00f3metros al oeste de las islas de Cabo Verde, Atl\u00e1ntico lejano.<\/p>\n<p>Mantiene vientos m\u00e1ximos sostenidos de 55 kil\u00f3metros por hora, con rachas superiores y una presi\u00f3n m\u00ednima de 1009 hectoPascal.<\/p>\n<p>Se pronostica para las pr\u00f3ximas 24 a 48 horas, este sistema se mantendr\u00e1 con poco cambio en organizaci\u00f3n e intensidad, y pudiera disiparse este fin de semana.<\/p>\n<p>El pr\u00f3ximo aviso de cicl\u00f3n tropical se emitir\u00e1 a las seis de la tarde del s\u00e1bado.<\/p>\n<p>M. A. Hern\u00e1ndez\u00a0\u00a0\u00a0 Y. Mart\u00ednez<\/p>\n","protected":false},"excerpt":{"rendered":"<p>Aviso de Cicl\u00f3n Tropical. Centro de Pron\u00f3sticos, INSMET. Fecha: 26 de Agosto de 2011 Hora: 6:00 PM. AVISO DE CICLON TROPICAL No. 3. DEPRESION TROPICAL No. 10. &#8230; d\u00e9cima depresi\u00f3n tropical contin\u00faa al noroeste en el Atl\u00e1ntico lejano&#8230;. La d\u00e9cima depresi\u00f3n tropical ha continuado con rumbo noroeste a 13 kil\u00f3metros por hora, por aguas del [&hellip;]<\/p>\n","protected":false},"author":169,"featured_media":0,"comment_status":"closed","ping_status":"open","sticky":false,"template":"","format":"standard","meta":[],"categories":[39,129],"tags":[],"_links":{"self":[{"href":"https:\/\/blogs.sld.cu\/behique\/wp-json\/wp\/v2\/posts\/1189"}],"collection":[{"href":"https:\/\/blogs.sld.cu\/behique\/wp-json\/wp\/v2\/posts"}],"about":[{"href":"https:\/\/blogs.sld.cu\/behique\/wp-json\/wp\/v2\/types\/post"}],"author":[{"embeddable":true,"href":"https:\/\/blogs.sld.cu\/behique\/wp-json\/wp\/v2\/users\/169"}],"replies":[{"embeddable":true,"href":"https:\/\/blogs.sld.cu\/behique\/wp-json\/wp\/v2\/comments?post=1189"}],"version-history":[{"count":0,"href":"https:\/\/blogs.sld.cu\/behique\/wp-json\/wp\/v2\/posts\/1189\/revisions"}],"wp:attachment":[{"href":"https:\/\/blogs.sld.cu\/behique\/wp-json\/wp\/v2\/media?parent=1189"}],"wp:term":[{"taxonomy":"category","embeddable":true,"href":"https:\/\/blogs.sld.cu\/behique\/wp-json\/wp\/v2\/categories?post=1189"},{"taxonomy":"post_tag","embeddable":true,"href":"https:\/\/blogs.sld.cu\/behique\/wp-json\/wp\/v2\/tags?post=1189"}],"curies":[{"name":"wp","href":"https:\/\/api.w.org\/{rel}","templated":true}]}}