{"id":120,"date":"2008-09-02T06:45:45","date_gmt":"2008-09-02T10:45:45","guid":{"rendered":"http:\/\/blogviejo.sld.cu\/avisosciclon\/2008\/09\/02\/depresion-tropical-no-10-aviso-no-1\/"},"modified":"2008-09-02T06:45:45","modified_gmt":"2008-09-02T10:45:45","slug":"depresion-tropical-no-10-aviso-no-1","status":"publish","type":"post","link":"https:\/\/blogs.sld.cu\/behique\/2008\/09\/02\/depresion-tropical-no-10-aviso-no-1\/","title":{"rendered":"Depresi\u00f3n tropical No. 10 Aviso No. 1"},"content":{"rendered":"<p>Aviso de Cicl\u00f3n Tropical.<br \/>\nCentro de Pron\u00f3sticos, INSMET.<br \/>\nFecha: 2 de septiembre de 2008. Hora: 6:00 a.m.<\/p>\n<p>AVISO DE CICL\u00d3N TROPICAL No. 1<\/p>\n<p>DEPRESION TROPICAL DIEZ<\/p>\n<p>Se forma la depresi\u00f3n tropical n\u00famero diez sobre el atl\u00e1ntico<\/p>\n<p>En el \u00e1rea de bajas presiones que se encontraba pr\u00f3xima a las Islas de cabo Verde, se form\u00f3 esta ma\u00f1ana la depresi\u00f3n tropical n\u00famero diez de la actual temporada cicl\u00f3nica 2008. A las seis de la ma\u00f1ana su centro fue localizado en los 12,4 grados de latitud norte y los 23,9 grados de longitud oeste, posici\u00f3n que la sit\u00faa a 270 kil\u00f3metros al sursudeste de las Islas de Cabo Verde.<\/p>\n<p>Tiene vientos m\u00e1ximos sostenidos de 55 kil\u00f3metros por hora, con rachas superiores. Su presi\u00f3n m\u00ednima es de 1007 hectoPascal. Se mueve al oeste a 26 kil\u00f3metros por hora.<\/p>\n<p>Se pronostica que en las pr\u00f3ximas 12 a 24 horas este sistema continuar\u00e1 desplaz\u00e1ndose entre el oeste-oestenoroeste y continuar\u00e1 ganando en organizaci\u00f3n e intensidad pudiendo convertirse en tormenta tropical durante la tarde de hoy.<\/p>\n<p>El pr\u00f3ximo aviso de cicl\u00f3n tropical se emitir\u00e1 a las seis de la tarde de hoy martes.<\/p>\n<p>L. Quintero\/Y. Cede\u00f1o<\/p>\n","protected":false},"excerpt":{"rendered":"<p>Aviso de Cicl\u00f3n Tropical. Centro de Pron\u00f3sticos, INSMET. Fecha: 2 de septiembre de 2008. Hora: 6:00 a.m. AVISO DE CICL\u00d3N TROPICAL No. 1 DEPRESION TROPICAL DIEZ Se forma la depresi\u00f3n tropical n\u00famero diez sobre el atl\u00e1ntico En el \u00e1rea de bajas presiones que se encontraba pr\u00f3xima a las Islas de cabo Verde, se form\u00f3 esta [&hellip;]<\/p>\n","protected":false},"author":169,"featured_media":0,"comment_status":"closed","ping_status":"open","sticky":false,"template":"","format":"standard","meta":[],"categories":[78,126,5],"tags":[],"_links":{"self":[{"href":"https:\/\/blogs.sld.cu\/behique\/wp-json\/wp\/v2\/posts\/120"}],"collection":[{"href":"https:\/\/blogs.sld.cu\/behique\/wp-json\/wp\/v2\/posts"}],"about":[{"href":"https:\/\/blogs.sld.cu\/behique\/wp-json\/wp\/v2\/types\/post"}],"author":[{"embeddable":true,"href":"https:\/\/blogs.sld.cu\/behique\/wp-json\/wp\/v2\/users\/169"}],"replies":[{"embeddable":true,"href":"https:\/\/blogs.sld.cu\/behique\/wp-json\/wp\/v2\/comments?post=120"}],"version-history":[{"count":0,"href":"https:\/\/blogs.sld.cu\/behique\/wp-json\/wp\/v2\/posts\/120\/revisions"}],"wp:attachment":[{"href":"https:\/\/blogs.sld.cu\/behique\/wp-json\/wp\/v2\/media?parent=120"}],"wp:term":[{"taxonomy":"category","embeddable":true,"href":"https:\/\/blogs.sld.cu\/behique\/wp-json\/wp\/v2\/categories?post=120"},{"taxonomy":"post_tag","embeddable":true,"href":"https:\/\/blogs.sld.cu\/behique\/wp-json\/wp\/v2\/tags?post=120"}],"curies":[{"name":"wp","href":"https:\/\/api.w.org\/{rel}","templated":true}]}}