{"id":1203,"date":"2011-08-29T07:04:12","date_gmt":"2011-08-29T11:04:12","guid":{"rendered":"http:\/\/blogviejo.sld.cu\/avisosciclon\/?p=1203"},"modified":"2011-08-29T07:04:12","modified_gmt":"2011-08-29T11:04:12","slug":"depresion-tropical-no-12-aviso-no-1-2","status":"publish","type":"post","link":"https:\/\/blogs.sld.cu\/behique\/2011\/08\/29\/depresion-tropical-no-12-aviso-no-1-2\/","title":{"rendered":"Depresi\u00f3n tropical No. 12 Aviso No. 1"},"content":{"rendered":"<p>Aviso de Cicl\u00f3n Tropical.<br \/>\nCentro de Pron\u00f3sticos, INSMET.<br \/>\nFecha: 29 de Agosto de 2011 Hora: 5:30 AM.<\/p>\n<p>AVISO DE CICLON TROPICAL No. 1.<\/p>\n<p>DEPRESION TROPICAL No. 12.<\/p>\n<p>&#8230; Se forma la depresi\u00f3n tropical No. 12&#8230;.<\/p>\n<p>El \u00e1rea de bajas presiones localizada en el Atl\u00e1ntico lejano contin\u00fao organiz\u00e1ndose mejor durante la madrugada, y se convirti\u00f3 en la depresi\u00f3n tropical No. 12 de la actual temporada cicl\u00f3nica.<\/p>\n<p>A las cinco de la ma\u00f1ana su regi\u00f3n central se estim\u00f3 en los 9.4 grados de latitud norte y los 26.3 grados de longitud oeste, posici\u00f3n que la sit\u00faa a 635 kil\u00f3metros al sur suroeste de las Islas de Cabo Verde.<\/p>\n<p>La depresi\u00f3n tropical tiene vientos m\u00e1ximos sostenidos de 55 kil\u00f3metros por hora, con rachas superiores y una presi\u00f3n m\u00ednima de 1009 hectoPascal. Se desplaza con rumbo pr\u00f3ximo al oeste a unos 24 kil\u00f3metros por hora.<\/p>\n<p>Se pronostica para las pr\u00f3ximas 24 a 48 horas, este sistema inclinar\u00e1 su trayectoria al oeste noroeste, ganando m\u00e1s en organizaci\u00f3n e intensidad por lo que esta tarde pudiera alcanzar la categor\u00eda de tormenta tropical.<\/p>\n<p>El pr\u00f3ximo aviso de cicl\u00f3n tropical se emitir\u00e1 a las seis de la tarde del lunes.<\/p>\n<p>A. S\u00e1nchez\u00a0\u00a0\u00a0 Y. Berm\u00fadez<\/p>\n","protected":false},"excerpt":{"rendered":"<p>Aviso de Cicl\u00f3n Tropical. Centro de Pron\u00f3sticos, INSMET. Fecha: 29 de Agosto de 2011 Hora: 5:30 AM. AVISO DE CICLON TROPICAL No. 1. DEPRESION TROPICAL No. 12. &#8230; Se forma la depresi\u00f3n tropical No. 12&#8230;. El \u00e1rea de bajas presiones localizada en el Atl\u00e1ntico lejano contin\u00fao organiz\u00e1ndose mejor durante la madrugada, y se convirti\u00f3 en [&hellip;]<\/p>\n","protected":false},"author":169,"featured_media":0,"comment_status":"closed","ping_status":"open","sticky":false,"template":"","format":"standard","meta":[],"categories":[81,137,8],"tags":[],"_links":{"self":[{"href":"https:\/\/blogs.sld.cu\/behique\/wp-json\/wp\/v2\/posts\/1203"}],"collection":[{"href":"https:\/\/blogs.sld.cu\/behique\/wp-json\/wp\/v2\/posts"}],"about":[{"href":"https:\/\/blogs.sld.cu\/behique\/wp-json\/wp\/v2\/types\/post"}],"author":[{"embeddable":true,"href":"https:\/\/blogs.sld.cu\/behique\/wp-json\/wp\/v2\/users\/169"}],"replies":[{"embeddable":true,"href":"https:\/\/blogs.sld.cu\/behique\/wp-json\/wp\/v2\/comments?post=1203"}],"version-history":[{"count":0,"href":"https:\/\/blogs.sld.cu\/behique\/wp-json\/wp\/v2\/posts\/1203\/revisions"}],"wp:attachment":[{"href":"https:\/\/blogs.sld.cu\/behique\/wp-json\/wp\/v2\/media?parent=1203"}],"wp:term":[{"taxonomy":"category","embeddable":true,"href":"https:\/\/blogs.sld.cu\/behique\/wp-json\/wp\/v2\/categories?post=1203"},{"taxonomy":"post_tag","embeddable":true,"href":"https:\/\/blogs.sld.cu\/behique\/wp-json\/wp\/v2\/tags?post=1203"}],"curies":[{"name":"wp","href":"https:\/\/api.w.org\/{rel}","templated":true}]}}