{"id":1382,"date":"2011-09-28T10:28:01","date_gmt":"2011-09-28T14:28:01","guid":{"rendered":"http:\/\/blogviejo.sld.cu\/avisosciclon\/?p=1382"},"modified":"2011-09-28T10:28:01","modified_gmt":"2011-09-28T14:28:01","slug":"depresion-tropical-ophelia-aviso-no-9","status":"publish","type":"post","link":"https:\/\/blogs.sld.cu\/behique\/2011\/09\/28\/depresion-tropical-ophelia-aviso-no-9\/","title":{"rendered":"Depresi\u00f3n tropical Ophelia Aviso No. 9"},"content":{"rendered":"<p>AVISO DE CICLON TROPICAL.<br \/>\nCENTRO DE PRONOSTICOS, INSMET.<br \/>\nFecha: 28 de Septiembre de 2011. Hora: 6:00 am.<\/p>\n<p>AVISO DE CICLON TROPICAL No. 9.<\/p>\n<p>DEPRESI\u00d3N TROPICAL OPHELIA.<\/p>\n<p>&#8230;Ophelia se mantiene con poco cambio&#8230;<\/p>\n<p>A las seis de esta ma\u00f1ana, el centro de la Depresi\u00f3n Tropical Ophelia se estim\u00f3 en 18.6 grados de latitud norte y 60.0 grados de longitud oeste, a unos 330 kil\u00f3metros al este de la isla Sant Martin, en el grupo norte de las Antillas Menores. Se desplaza al oestenoroeste a 6 kil\u00f3metros por hora.<\/p>\n<p>Ophelia mantiene vientos m\u00e1ximos sostenidos de 55 kil\u00f3metros por hora, con rachas superiores y una presi\u00f3n m\u00ednima de 1008 hectoPascal.<\/p>\n<p>Se pronostica que en las pr\u00f3ximas 24 a 48 horas inclinar\u00e1 gradualmente su trayectoria al nortenoroeste, incrementando su velocidad de traslaci\u00f3n y ganando en organizaci\u00f3n e intensidad pudiendo convertirse nuevamente en tormenta tropical durante el d\u00eda de hoy.<\/p>\n<p>El pr\u00f3ximo aviso de cicl\u00f3n tropical sobre este organismo se emitir\u00e1 a las seis de la tarde de hoy mi\u00e9rcoles.<\/p>\n<p>M. A. Hern\u00e1ndez\u00a0\u00a0\u00a0 J. Gonz\u00e1lez.<\/p>\n","protected":false},"excerpt":{"rendered":"<p>AVISO DE CICLON TROPICAL. CENTRO DE PRONOSTICOS, INSMET. Fecha: 28 de Septiembre de 2011. Hora: 6:00 am. AVISO DE CICLON TROPICAL No. 9. DEPRESI\u00d3N TROPICAL OPHELIA. &#8230;Ophelia se mantiene con poco cambio&#8230; A las seis de esta ma\u00f1ana, el centro de la Depresi\u00f3n Tropical Ophelia se estim\u00f3 en 18.6 grados de latitud norte y 60.0 [&hellip;]<\/p>\n","protected":false},"author":169,"featured_media":0,"comment_status":"closed","ping_status":"closed","sticky":false,"template":"","format":"standard","meta":[],"categories":[152,176,8],"tags":[],"_links":{"self":[{"href":"https:\/\/blogs.sld.cu\/behique\/wp-json\/wp\/v2\/posts\/1382"}],"collection":[{"href":"https:\/\/blogs.sld.cu\/behique\/wp-json\/wp\/v2\/posts"}],"about":[{"href":"https:\/\/blogs.sld.cu\/behique\/wp-json\/wp\/v2\/types\/post"}],"author":[{"embeddable":true,"href":"https:\/\/blogs.sld.cu\/behique\/wp-json\/wp\/v2\/users\/169"}],"replies":[{"embeddable":true,"href":"https:\/\/blogs.sld.cu\/behique\/wp-json\/wp\/v2\/comments?post=1382"}],"version-history":[{"count":0,"href":"https:\/\/blogs.sld.cu\/behique\/wp-json\/wp\/v2\/posts\/1382\/revisions"}],"wp:attachment":[{"href":"https:\/\/blogs.sld.cu\/behique\/wp-json\/wp\/v2\/media?parent=1382"}],"wp:term":[{"taxonomy":"category","embeddable":true,"href":"https:\/\/blogs.sld.cu\/behique\/wp-json\/wp\/v2\/categories?post=1382"},{"taxonomy":"post_tag","embeddable":true,"href":"https:\/\/blogs.sld.cu\/behique\/wp-json\/wp\/v2\/tags?post=1382"}],"curies":[{"name":"wp","href":"https:\/\/api.w.org\/{rel}","templated":true}]}}