{"id":1390,"date":"2011-09-29T07:59:39","date_gmt":"2011-09-29T11:59:39","guid":{"rendered":"http:\/\/blogviejo.sld.cu\/avisosciclon\/?p=1390"},"modified":"2011-09-29T07:59:39","modified_gmt":"2011-09-29T11:59:39","slug":"tormenta-tropical-ophelia-aviso-no-11","status":"publish","type":"post","link":"https:\/\/blogs.sld.cu\/behique\/2011\/09\/29\/tormenta-tropical-ophelia-aviso-no-11\/","title":{"rendered":"Tormenta tropical Ophelia Aviso No. 11"},"content":{"rendered":"<p>AVISO DE CICLON TROPICAL.<br \/>\nCENTRO DE PRONOSTICOS, INSMET.<br \/>\nFecha: 29 de Septiembre de 2011. Hora: 6:00 am.<\/p>\n<p>AVISO DE CICLON TROPICAL No. 11.<\/p>\n<p>TORMENTA TROPICAL OPHELIA.<\/p>\n<p>&#8230; Ophelia se intensifica&#8230;<\/p>\n<p>Durante la noche y madrugada de hoy la tormenta tropical Ophelia continu\u00f3 ganando en organizaci\u00f3n e intensidad, ahora posee vientos m\u00e1ximos sostenidos de 95 kil\u00f3metros por hora y una presi\u00f3n m\u00ednima de 995 hectoPascal.<\/p>\n<p>A las seis de esta ma\u00f1ana el centro de esta tormenta tropical se estim\u00f3 en los 20.1 grados de latitud norte y 61.2 grados de longitud oeste, a unos 300 kil\u00f3metros al nordeste de la isla San Mart\u00edn, en el grupo norte de las Antillas Menores.<\/p>\n<p>Ophelia se desplaza ahora al norte noroeste a 11 kil\u00f3metros por hora.<\/p>\n<p>Se pronostica que en las pr\u00f3ximas 24 a 48 horas esta tormenta tropical contin\u00fae con igual rumbo e incremente la velocidad de traslaci\u00f3n y ganando gradualmente en intensidad.<\/p>\n<p>El pr\u00f3ximo aviso de cicl\u00f3n tropical sobre Ophelia se emitir\u00e1 a las seis de la tarde del hoy.<\/p>\n<p>M. A. Hern\u00e1ndez\u00a0\u00a0\u00a0 \u00a0J. Palacios<\/p>\n","protected":false},"excerpt":{"rendered":"<p>AVISO DE CICLON TROPICAL. CENTRO DE PRONOSTICOS, INSMET. Fecha: 29 de Septiembre de 2011. Hora: 6:00 am. AVISO DE CICLON TROPICAL No. 11. TORMENTA TROPICAL OPHELIA. &#8230; Ophelia se intensifica&#8230; Durante la noche y madrugada de hoy la tormenta tropical Ophelia continu\u00f3 ganando en organizaci\u00f3n e intensidad, ahora posee vientos m\u00e1ximos sostenidos de 95 kil\u00f3metros [&hellip;]<\/p>\n","protected":false},"author":169,"featured_media":0,"comment_status":"closed","ping_status":"closed","sticky":false,"template":"","format":"standard","meta":[],"categories":[152,176,8],"tags":[],"_links":{"self":[{"href":"https:\/\/blogs.sld.cu\/behique\/wp-json\/wp\/v2\/posts\/1390"}],"collection":[{"href":"https:\/\/blogs.sld.cu\/behique\/wp-json\/wp\/v2\/posts"}],"about":[{"href":"https:\/\/blogs.sld.cu\/behique\/wp-json\/wp\/v2\/types\/post"}],"author":[{"embeddable":true,"href":"https:\/\/blogs.sld.cu\/behique\/wp-json\/wp\/v2\/users\/169"}],"replies":[{"embeddable":true,"href":"https:\/\/blogs.sld.cu\/behique\/wp-json\/wp\/v2\/comments?post=1390"}],"version-history":[{"count":0,"href":"https:\/\/blogs.sld.cu\/behique\/wp-json\/wp\/v2\/posts\/1390\/revisions"}],"wp:attachment":[{"href":"https:\/\/blogs.sld.cu\/behique\/wp-json\/wp\/v2\/media?parent=1390"}],"wp:term":[{"taxonomy":"category","embeddable":true,"href":"https:\/\/blogs.sld.cu\/behique\/wp-json\/wp\/v2\/categories?post=1390"},{"taxonomy":"post_tag","embeddable":true,"href":"https:\/\/blogs.sld.cu\/behique\/wp-json\/wp\/v2\/tags?post=1390"}],"curies":[{"name":"wp","href":"https:\/\/api.w.org\/{rel}","templated":true}]}}