{"id":14,"date":"2008-07-24T20:06:39","date_gmt":"2008-07-25T00:06:39","guid":{"rendered":"http:\/\/blogviejo.sld.cu\/avisosciclon\/2008\/07\/24\/depresion-tropical-no-2-aviso-no-1\/"},"modified":"2008-07-24T20:06:39","modified_gmt":"2008-07-25T00:06:39","slug":"depresion-tropical-no-2-aviso-no-1","status":"publish","type":"post","link":"https:\/\/blogs.sld.cu\/behique\/2008\/07\/24\/depresion-tropical-no-2-aviso-no-1\/","title":{"rendered":"Depresi\u00f3n tropical No. 2 Aviso No. 1"},"content":{"rendered":"<p>Aviso de Cicl\u00f3n Tropical.<br \/>\nCentro de Pron\u00f3sticos, INSMET.<br \/>\nFecha: 3 de julio de 2008<\/p>\n<p>AVISO DE CICL\u00d3N TROPICAL No. 1<\/p>\n<p>DEPRESI\u00d3N TROPICAL<\/p>\n<p>Se forma la segunda depresi\u00f3n tropical bien lejos en el Atl\u00e1ntico<\/p>\n<p>A las seis de la ma\u00f1ana de hoy 3 de Julio, se form\u00f3 bien alejada en el\u00a0 Atl\u00e1ntico la segunda depresi\u00f3n tropical de la actual temporada cicl\u00f3nica. Su\u00a0 regi\u00f3n central fue estimada en los 12.6 grados de latitud norte y los 22.7\u00a0 grados de longitud oeste, posici\u00f3n que la sit\u00faa a unos 405 kil\u00f3metros al\u00a0 sursudeste de las Islas de Cabo Verde.<\/p>\n<p>Esta depresi\u00f3n tropical posee una presi\u00f3n central de 1008 hectoPascal, sus\u00a0 vientos m\u00e1ximos sostenidos son de 55 kil\u00f3metros por hora, con rachas\u00a0 superiores y se desplaza hacia el oestenoroeste a unos 15 kil\u00f3metros por\u00a0 hora.<\/p>\n<p>Se pronostica que en las pr\u00f3ximas 24 a 48 horas, esta depresi\u00f3n tropical\u00a0 continuar\u00e1 con similar rumbo, pudiendo incrementar su velocidad de\u00a0 traslaci\u00f3n y se estima que es posible gane algo m\u00e1s en fuerza para\u00a0 convertirse en tormenta tropical al final del d\u00eda de hoy.<\/p>\n<p>El pr\u00f3ximo aviso de cicl\u00f3n tropical se emitir\u00e1 a las 6 de la tarde de hoy.<\/p>\n<p>A. S\u00e1nchez\/A. Mengana<\/p>\n","protected":false},"excerpt":{"rendered":"<p>Aviso de Cicl\u00f3n Tropical. Centro de Pron\u00f3sticos, INSMET. Fecha: 3 de julio de 2008 AVISO DE CICL\u00d3N TROPICAL No. 1 DEPRESI\u00d3N TROPICAL Se forma la segunda depresi\u00f3n tropical bien lejos en el Atl\u00e1ntico A las seis de la ma\u00f1ana de hoy 3 de Julio, se form\u00f3 bien alejada en el\u00a0 Atl\u00e1ntico la segunda depresi\u00f3n tropical [&hellip;]<\/p>\n","protected":false},"author":169,"featured_media":0,"comment_status":"open","ping_status":"open","sticky":false,"template":"","format":"standard","meta":[],"categories":[17,94,5],"tags":[],"_links":{"self":[{"href":"https:\/\/blogs.sld.cu\/behique\/wp-json\/wp\/v2\/posts\/14"}],"collection":[{"href":"https:\/\/blogs.sld.cu\/behique\/wp-json\/wp\/v2\/posts"}],"about":[{"href":"https:\/\/blogs.sld.cu\/behique\/wp-json\/wp\/v2\/types\/post"}],"author":[{"embeddable":true,"href":"https:\/\/blogs.sld.cu\/behique\/wp-json\/wp\/v2\/users\/169"}],"replies":[{"embeddable":true,"href":"https:\/\/blogs.sld.cu\/behique\/wp-json\/wp\/v2\/comments?post=14"}],"version-history":[{"count":0,"href":"https:\/\/blogs.sld.cu\/behique\/wp-json\/wp\/v2\/posts\/14\/revisions"}],"wp:attachment":[{"href":"https:\/\/blogs.sld.cu\/behique\/wp-json\/wp\/v2\/media?parent=14"}],"wp:term":[{"taxonomy":"category","embeddable":true,"href":"https:\/\/blogs.sld.cu\/behique\/wp-json\/wp\/v2\/categories?post=14"},{"taxonomy":"post_tag","embeddable":true,"href":"https:\/\/blogs.sld.cu\/behique\/wp-json\/wp\/v2\/tags?post=14"}],"curies":[{"name":"wp","href":"https:\/\/api.w.org\/{rel}","templated":true}]}}