{"id":149,"date":"2008-09-06T19:05:09","date_gmt":"2008-09-06T23:05:09","guid":{"rendered":"http:\/\/blogviejo.sld.cu\/avisosciclon\/2008\/09\/06\/tormenta-tropical-hanna-aviso-no-27\/"},"modified":"2008-09-06T19:05:09","modified_gmt":"2008-09-06T23:05:09","slug":"tormenta-tropical-hanna-aviso-no-27","status":"publish","type":"post","link":"https:\/\/blogs.sld.cu\/behique\/2008\/09\/06\/tormenta-tropical-hanna-aviso-no-27\/","title":{"rendered":"Tormenta tropical Hanna Aviso No. 27"},"content":{"rendered":"<p>Aviso de Cicl\u00f3n Tropical<br \/>\nCentro de Pron\u00f3sticos, INSMET.<br \/>\nFecha: 6 de septiembre de 2008. Hora: 6:00 p.m.<\/p>\n<p>AVISO DE CICL\u00d3N TROPICAL No. 27<\/p>\n<p>TORMENTA TROPICAL HANNA<\/p>\n<p>Hanna pr\u00f3xima a la categor\u00eda de hurac\u00e1n<\/p>\n<p>A las seis de la tarde, el centro de la tormenta tropical Hanna se estim\u00f3 en los 38,8 grados de latitud norte y los 75,5 grados de longitud oeste, posici\u00f3n que la sit\u00faa a 220 kil\u00f3metros al nortenordeste de Norfolk, Virginia.<\/p>\n<p>Hanna posee vientos m\u00e1ximos sostenidos de 85 kil\u00f3metros por hora, con rachas superiores y presi\u00f3n m\u00ednima central de 994 hectoPascal.<\/p>\n<p>Esta tormenta tropical ha continuado movi\u00e9ndose al nordeste a 44 kil\u00f3metros por hora.<\/p>\n<p>Este ser\u00e1 el \u00faltimo aviso de cicl\u00f3n tropical que se emitir\u00e1 sobre Hanna.<\/p>\n<p>M. A. Hern\u00e1ndez\/Y. Berm\u00fadez<\/p>\n","protected":false},"excerpt":{"rendered":"<p>Aviso de Cicl\u00f3n Tropical Centro de Pron\u00f3sticos, INSMET. Fecha: 6 de septiembre de 2008. Hora: 6:00 p.m. AVISO DE CICL\u00d3N TROPICAL No. 27 TORMENTA TROPICAL HANNA Hanna pr\u00f3xima a la categor\u00eda de hurac\u00e1n A las seis de la tarde, el centro de la tormenta tropical Hanna se estim\u00f3 en los 38,8 grados de latitud norte [&hellip;]<\/p>\n","protected":false},"author":169,"featured_media":0,"comment_status":"closed","ping_status":"open","sticky":false,"template":"","format":"standard","meta":[],"categories":[69,118,5],"tags":[],"_links":{"self":[{"href":"https:\/\/blogs.sld.cu\/behique\/wp-json\/wp\/v2\/posts\/149"}],"collection":[{"href":"https:\/\/blogs.sld.cu\/behique\/wp-json\/wp\/v2\/posts"}],"about":[{"href":"https:\/\/blogs.sld.cu\/behique\/wp-json\/wp\/v2\/types\/post"}],"author":[{"embeddable":true,"href":"https:\/\/blogs.sld.cu\/behique\/wp-json\/wp\/v2\/users\/169"}],"replies":[{"embeddable":true,"href":"https:\/\/blogs.sld.cu\/behique\/wp-json\/wp\/v2\/comments?post=149"}],"version-history":[{"count":0,"href":"https:\/\/blogs.sld.cu\/behique\/wp-json\/wp\/v2\/posts\/149\/revisions"}],"wp:attachment":[{"href":"https:\/\/blogs.sld.cu\/behique\/wp-json\/wp\/v2\/media?parent=149"}],"wp:term":[{"taxonomy":"category","embeddable":true,"href":"https:\/\/blogs.sld.cu\/behique\/wp-json\/wp\/v2\/categories?post=149"},{"taxonomy":"post_tag","embeddable":true,"href":"https:\/\/blogs.sld.cu\/behique\/wp-json\/wp\/v2\/tags?post=149"}],"curies":[{"name":"wp","href":"https:\/\/api.w.org\/{rel}","templated":true}]}}