{"id":15,"date":"2008-07-24T20:08:04","date_gmt":"2008-07-25T00:08:04","guid":{"rendered":"http:\/\/blogviejo.sld.cu\/avisosciclon\/2008\/07\/24\/tormenta-tropical-bertha-aviso-no-2\/"},"modified":"2008-07-24T20:08:04","modified_gmt":"2008-07-25T00:08:04","slug":"tormenta-tropical-bertha-aviso-no-2","status":"publish","type":"post","link":"https:\/\/blogs.sld.cu\/behique\/2008\/07\/24\/tormenta-tropical-bertha-aviso-no-2\/","title":{"rendered":"Tormenta tropical Bertha Aviso No. 2"},"content":{"rendered":"<p>Aviso de Cicl\u00f3n Tropical.<br \/>\nCentro de Pron\u00f3sticos, INSMET.<br \/>\nFecha: 3 de julio de 2008 Hora: 11:30 a.m.<\/p>\n<p>AVISO DE CICL\u00d3N TROPICAL No. 2<\/p>\n<p>TORMENTA TROPICAL BERTHA<\/p>\n<p>&#8230;Se forma la tormenta tropical Bertha bien lejos en el Atl\u00e1ntico&#8230;<\/p>\n<p>En horas de la ma\u00f1ana de hoy la segunda depresi\u00f3n tropical de la actual temporada cicl\u00f3nica se convirti\u00f3 en la tormenta tropical Bertha. Su centro fue localizado en los 13.3 grados de latitud norte y los 24.7 grados de longitud oeste, posici\u00f3n que la sit\u00faa a unos 310 kil\u00f3metros al sursuroeste de las Islas de Cabo Verde.<\/p>\n<p>Bertha posee una presi\u00f3n central de 1006 hectoPascal, sus vientos m\u00e1ximos sostenidos son de 65 kil\u00f3metros por hora, con rachas superiores y se desplaza hacia el oestenoroeste a unos 22 kil\u00f3metros por hora.<\/p>\n<p>Se pronostica que en las pr\u00f3ximas 24 a 48 horas, esta tormenta tropical continuar\u00e1 con similar rumbo, y es posible que gane algo m\u00e1s en organizaci\u00f3n e intensidad.<\/p>\n<p>El pr\u00f3ximo aviso de cicl\u00f3n tropical se emitir\u00e1 a las 6 de la tarde de hoy.<\/p>\n<p>J. Gonz\u00e1lez\/J. Palacios<\/p>\n","protected":false},"excerpt":{"rendered":"<p>Aviso de Cicl\u00f3n Tropical. Centro de Pron\u00f3sticos, INSMET. Fecha: 3 de julio de 2008 Hora: 11:30 a.m. AVISO DE CICL\u00d3N TROPICAL No. 2 TORMENTA TROPICAL BERTHA &#8230;Se forma la tormenta tropical Bertha bien lejos en el Atl\u00e1ntico&#8230; En horas de la ma\u00f1ana de hoy la segunda depresi\u00f3n tropical de la actual temporada cicl\u00f3nica se convirti\u00f3 [&hellip;]<\/p>\n","protected":false},"author":169,"featured_media":0,"comment_status":"open","ping_status":"open","sticky":false,"template":"","format":"standard","meta":[],"categories":[17,94,5],"tags":[],"_links":{"self":[{"href":"https:\/\/blogs.sld.cu\/behique\/wp-json\/wp\/v2\/posts\/15"}],"collection":[{"href":"https:\/\/blogs.sld.cu\/behique\/wp-json\/wp\/v2\/posts"}],"about":[{"href":"https:\/\/blogs.sld.cu\/behique\/wp-json\/wp\/v2\/types\/post"}],"author":[{"embeddable":true,"href":"https:\/\/blogs.sld.cu\/behique\/wp-json\/wp\/v2\/users\/169"}],"replies":[{"embeddable":true,"href":"https:\/\/blogs.sld.cu\/behique\/wp-json\/wp\/v2\/comments?post=15"}],"version-history":[{"count":0,"href":"https:\/\/blogs.sld.cu\/behique\/wp-json\/wp\/v2\/posts\/15\/revisions"}],"wp:attachment":[{"href":"https:\/\/blogs.sld.cu\/behique\/wp-json\/wp\/v2\/media?parent=15"}],"wp:term":[{"taxonomy":"category","embeddable":true,"href":"https:\/\/blogs.sld.cu\/behique\/wp-json\/wp\/v2\/categories?post=15"},{"taxonomy":"post_tag","embeddable":true,"href":"https:\/\/blogs.sld.cu\/behique\/wp-json\/wp\/v2\/tags?post=15"}],"curies":[{"name":"wp","href":"https:\/\/api.w.org\/{rel}","templated":true}]}}