{"id":16,"date":"2008-07-24T20:09:13","date_gmt":"2008-07-25T00:09:13","guid":{"rendered":"http:\/\/blogviejo.sld.cu\/avisosciclon\/2008\/07\/24\/tormenta-tropical-bertha-aviso-no-3\/"},"modified":"2008-07-24T20:09:13","modified_gmt":"2008-07-25T00:09:13","slug":"tormenta-tropical-bertha-aviso-no-3","status":"publish","type":"post","link":"https:\/\/blogs.sld.cu\/behique\/2008\/07\/24\/tormenta-tropical-bertha-aviso-no-3\/","title":{"rendered":"Tormenta tropical Bertha Aviso No. 3"},"content":{"rendered":"<p>Aviso de Cicl\u00f3n Tropical.<br \/>\nCentro de Pron\u00f3sticos, INSMET.<br \/>\nFecha: 3 de julio de 2008. Hora: 06:00 p.m.<\/p>\n<p>AVISO DE CICL\u00d3N TROPICAL No. 3<\/p>\n<p>TORMENTA TROPICAL BERTHA<\/p>\n<p>Bertha contin\u00faa lejos en el Atl\u00e1ntico<\/p>\n<p>A las seis de la tarde de hoy, el centro de la tormenta tropical Bertha<br \/>\nfue localizado en los 13.6 grados de latitud norte y los 25.8 grados de<br \/>\nlongitud oeste, posici\u00f3n que la sit\u00faa a unos 465 kil\u00f3metros al sursuroeste de las Islas de Cabo Verde.<\/p>\n<p>Bertha mantiene una presi\u00f3n central de 1006 hectoPascal y vientos m\u00e1ximos sostenidos de 65 kil\u00f3metros por hora, con rachas superiores. Contin\u00faa desplaz\u00e1ndose hacia el oestenoroeste a unos 19 kil\u00f3metros por hora.<\/p>\n<p>Se pronostica que en las pr\u00f3ximas 24 a 48 horas, esta tormenta tropical<br \/>\ncontinuar\u00e1 con similar rumbo, y es posible que gane algo m\u00e1s en organizaci\u00f3n e intensidad.<\/p>\n<p>El pr\u00f3ximo aviso de cicl\u00f3n tropical se emitir\u00e1 a las 6 de la tarde de<br \/>\nma\u00f1ana.<\/p>\n<p>J. Gonz\u00e1lez\/J. Palacios<\/p>\n","protected":false},"excerpt":{"rendered":"<p>Aviso de Cicl\u00f3n Tropical. Centro de Pron\u00f3sticos, INSMET. Fecha: 3 de julio de 2008. Hora: 06:00 p.m. AVISO DE CICL\u00d3N TROPICAL No. 3 TORMENTA TROPICAL BERTHA Bertha contin\u00faa lejos en el Atl\u00e1ntico A las seis de la tarde de hoy, el centro de la tormenta tropical Bertha fue localizado en los 13.6 grados de latitud [&hellip;]<\/p>\n","protected":false},"author":169,"featured_media":0,"comment_status":"open","ping_status":"open","sticky":false,"template":"","format":"standard","meta":[],"categories":[17,94,5],"tags":[],"_links":{"self":[{"href":"https:\/\/blogs.sld.cu\/behique\/wp-json\/wp\/v2\/posts\/16"}],"collection":[{"href":"https:\/\/blogs.sld.cu\/behique\/wp-json\/wp\/v2\/posts"}],"about":[{"href":"https:\/\/blogs.sld.cu\/behique\/wp-json\/wp\/v2\/types\/post"}],"author":[{"embeddable":true,"href":"https:\/\/blogs.sld.cu\/behique\/wp-json\/wp\/v2\/users\/169"}],"replies":[{"embeddable":true,"href":"https:\/\/blogs.sld.cu\/behique\/wp-json\/wp\/v2\/comments?post=16"}],"version-history":[{"count":0,"href":"https:\/\/blogs.sld.cu\/behique\/wp-json\/wp\/v2\/posts\/16\/revisions"}],"wp:attachment":[{"href":"https:\/\/blogs.sld.cu\/behique\/wp-json\/wp\/v2\/media?parent=16"}],"wp:term":[{"taxonomy":"category","embeddable":true,"href":"https:\/\/blogs.sld.cu\/behique\/wp-json\/wp\/v2\/categories?post=16"},{"taxonomy":"post_tag","embeddable":true,"href":"https:\/\/blogs.sld.cu\/behique\/wp-json\/wp\/v2\/tags?post=16"}],"curies":[{"name":"wp","href":"https:\/\/api.w.org\/{rel}","templated":true}]}}