{"id":1605,"date":"2012-08-06T13:01:41","date_gmt":"2012-08-06T17:01:41","guid":{"rendered":"http:\/\/blogviejo.sld.cu\/avisosciclon\/?p=1605"},"modified":"2012-08-06T13:01:41","modified_gmt":"2012-08-06T17:01:41","slug":"depresion-tropical-florence-aviso-no-5-ultimo","status":"publish","type":"post","link":"https:\/\/blogs.sld.cu\/behique\/2012\/08\/06\/depresion-tropical-florence-aviso-no-5-ultimo\/","title":{"rendered":"Depresi\u00f3n tropical Florence Aviso No. 5 (\u00faltimo)"},"content":{"rendered":"<p>Nota del editor: Este aviso corresponde a las 11:00 a.m. del 06-08-2012.<\/p>\n<p>Aviso de Cicl\u00f3n Tropical.<br \/>\nCentro de Pron\u00f3sticos, INSMET.<\/p>\n<p>AVISO DE CICLON TROPICAL No 5.<\/p>\n<p>DEPRESI\u00d3N TROPICAL FLORENCE.<\/p>\n<p>&#8230; Florence se convierte en una baja remanente&#8230;<\/p>\n<p>Durante la ma\u00f1ana de hoy la depresi\u00f3n tropical Florence continu\u00f3 debilit\u00e1ndose en el Atl\u00e1ntico y se convirti\u00f3 en una baja remanente post tropical. A las once de la ma\u00f1ana el centro de la baja se localizaba en los 16,4 grados de latitud Norte y los 40,2 grados de longitud Oeste, posici\u00f3n que la sit\u00faa a unos 2440 kil\u00f3metros al este del grupo norte de las Antillas menores.<\/p>\n<p>Sus vientos m\u00e1ximos sostenidos son de 55 kil\u00f3metros por hora y su presi\u00f3n central de 1009 hectoPascal. Se est\u00e1 desplazando al oeste a unos 24 km\/h.<\/p>\n<p>Se pronostica para las pr\u00f3ximas 24 a 48 horas el sistema se mover\u00e1 con un rumbo entre el oeste y el oeste noroeste, aumentando su velocidad de traslaci\u00f3n a medida que se debilita a\u00fan m\u00e1s.<\/p>\n<p>Este ser\u00e1 el \u00faltimo aviso de cicl\u00f3n tropical que se emitir\u00e1 sobre el sistema.<\/p>\n<p>Y. Cede\u00f1o.<\/p>\n","protected":false},"excerpt":{"rendered":"<p>Nota del editor: Este aviso corresponde a las 11:00 a.m. del 06-08-2012. Aviso de Cicl\u00f3n Tropical. Centro de Pron\u00f3sticos, INSMET. AVISO DE CICLON TROPICAL No 5. DEPRESI\u00d3N TROPICAL FLORENCE. &#8230; Florence se convierte en una baja remanente&#8230; Durante la ma\u00f1ana de hoy la depresi\u00f3n tropical Florence continu\u00f3 debilit\u00e1ndose en el Atl\u00e1ntico y se convirti\u00f3 en [&hellip;]<\/p>\n","protected":false},"author":169,"featured_media":0,"comment_status":"closed","ping_status":"closed","sticky":false,"template":"","format":"standard","meta":[],"categories":[62,113,9],"tags":[],"_links":{"self":[{"href":"https:\/\/blogs.sld.cu\/behique\/wp-json\/wp\/v2\/posts\/1605"}],"collection":[{"href":"https:\/\/blogs.sld.cu\/behique\/wp-json\/wp\/v2\/posts"}],"about":[{"href":"https:\/\/blogs.sld.cu\/behique\/wp-json\/wp\/v2\/types\/post"}],"author":[{"embeddable":true,"href":"https:\/\/blogs.sld.cu\/behique\/wp-json\/wp\/v2\/users\/169"}],"replies":[{"embeddable":true,"href":"https:\/\/blogs.sld.cu\/behique\/wp-json\/wp\/v2\/comments?post=1605"}],"version-history":[{"count":0,"href":"https:\/\/blogs.sld.cu\/behique\/wp-json\/wp\/v2\/posts\/1605\/revisions"}],"wp:attachment":[{"href":"https:\/\/blogs.sld.cu\/behique\/wp-json\/wp\/v2\/media?parent=1605"}],"wp:term":[{"taxonomy":"category","embeddable":true,"href":"https:\/\/blogs.sld.cu\/behique\/wp-json\/wp\/v2\/categories?post=1605"},{"taxonomy":"post_tag","embeddable":true,"href":"https:\/\/blogs.sld.cu\/behique\/wp-json\/wp\/v2\/tags?post=1605"}],"curies":[{"name":"wp","href":"https:\/\/api.w.org\/{rel}","templated":true}]}}