{"id":1661,"date":"2008-07-26T10:20:06","date_gmt":"2008-07-26T14:20:06","guid":{"rendered":"http:\/\/blogviejo.sld.cu\/avisosciclon\/2008\/07\/26\/depresion-tropical-no-3-aviso-no-1\/"},"modified":"2008-07-26T10:20:06","modified_gmt":"2008-07-26T14:20:06","slug":"depresion-tropical-no-3-aviso-no-1","status":"publish","type":"post","link":"https:\/\/blogs.sld.cu\/behique\/2008\/07\/26\/depresion-tropical-no-3-aviso-no-1\/","title":{"rendered":"Depresi\u00f3n tropical No. 3 Aviso No. 1"},"content":{"rendered":"<p>Aviso de cicl\u00f3n tropical<br \/>\nCentro de Pron\u00f3sticos, INSMET<br \/>\nFecha: 18 de julio de 2008<br \/>\nAVISO DE CICL\u00d3N TROPICAL No. 1<\/p>\n<p>Pendiente localizar este aviso<\/p>\n","protected":false},"excerpt":{"rendered":"<p>Aviso de cicl\u00f3n tropical Centro de Pron\u00f3sticos, INSMET Fecha: 18 de julio de 2008 AVISO DE CICL\u00d3N TROPICAL No. 1 Pendiente localizar este aviso<\/p>\n","protected":false},"author":169,"featured_media":0,"comment_status":"open","ping_status":"open","sticky":false,"template":"","format":"standard","meta":[],"categories":[26,98,5],"tags":[],"_links":{"self":[{"href":"https:\/\/blogs.sld.cu\/behique\/wp-json\/wp\/v2\/posts\/1661"}],"collection":[{"href":"https:\/\/blogs.sld.cu\/behique\/wp-json\/wp\/v2\/posts"}],"about":[{"href":"https:\/\/blogs.sld.cu\/behique\/wp-json\/wp\/v2\/types\/post"}],"author":[{"embeddable":true,"href":"https:\/\/blogs.sld.cu\/behique\/wp-json\/wp\/v2\/users\/169"}],"replies":[{"embeddable":true,"href":"https:\/\/blogs.sld.cu\/behique\/wp-json\/wp\/v2\/comments?post=1661"}],"version-history":[{"count":0,"href":"https:\/\/blogs.sld.cu\/behique\/wp-json\/wp\/v2\/posts\/1661\/revisions"}],"wp:attachment":[{"href":"https:\/\/blogs.sld.cu\/behique\/wp-json\/wp\/v2\/media?parent=1661"}],"wp:term":[{"taxonomy":"category","embeddable":true,"href":"https:\/\/blogs.sld.cu\/behique\/wp-json\/wp\/v2\/categories?post=1661"},{"taxonomy":"post_tag","embeddable":true,"href":"https:\/\/blogs.sld.cu\/behique\/wp-json\/wp\/v2\/tags?post=1661"}],"curies":[{"name":"wp","href":"https:\/\/api.w.org\/{rel}","templated":true}]}}