{"id":1696,"date":"2012-08-23T00:22:08","date_gmt":"2012-08-23T04:22:08","guid":{"rendered":"http:\/\/blogviejo.sld.cu\/avisosciclon\/?p=1696"},"modified":"2012-08-23T00:22:08","modified_gmt":"2012-08-23T04:22:08","slug":"tormenta-tropical-isaac-aviso-no-7","status":"publish","type":"post","link":"https:\/\/blogs.sld.cu\/behique\/2012\/08\/23\/tormenta-tropical-isaac-aviso-no-7\/","title":{"rendered":"Tormenta tropical Isaac Aviso No. 7"},"content":{"rendered":"<p>Aviso de Cicl\u00f3n Tropical.<br \/>\nCentro de Pron\u00f3sticos, INSMET.<br \/>\nFecha: 23 de Agosto de 2012 Hora: 12:01 AM.<\/p>\n<p>AVISO DE CICLON TROPICAL No 7.<\/p>\n<p>TORMENTA TROPICAL ISAAC.<\/p>\n<p>&#8230;Isaac se interna en el mar Caribe oriental\u2026<\/p>\n<p>En horas de la noche la tormenta tropical Isaac se intern\u00f3 en aguas del mar Caribe oriental, movi\u00e9ndose al oeste a 32 kil\u00f3metros por hora. Su presi\u00f3n central ha descendido a 1003 hectoPascal y mantiene vientos m\u00e1ximos sostenidos de 75 kil\u00f3metros por hora, con rachas superiores.<\/p>\n<p>A la medianoche de hoy su centro fue estimado en los 15.8 grados de latitud norte y los 63.3 grados de longitud oeste, a unos 405 kil\u00f3metros al sudeste de San Juan, Puerto Rico.<\/p>\n<p>Se pronostica que durante las pr\u00f3ximas 24 a 48 horas, este organismo tropical experimente un giro al oeste noroeste, ganando en organizaci\u00f3n e intensidad a medida que transite por los mares al sur de Puerto Rico aproxim\u00e1ndose a Rep\u00fablica Dominicana el jueves en la noche o el viernes.<\/p>\n<p>El Centro Nacional de Pron\u00f3sticos mantendr\u00e1 una estrecha vigilancia sobre la evoluci\u00f3n y futura trayectoria de este organismo tropical, que puede representar una amenaza potencial para nuestro pa\u00eds.<\/p>\n<p>El pr\u00f3ximo aviso de cicl\u00f3n tropical sobre este sistema se emitir\u00e1 a las seis de la ma\u00f1ana del jueves.<\/p>\n<p>A. S\u00e1nchez\u00a0 A. J\u00fastiz<\/p>\n<div class=\"mcePaste\" style=\"width: 1px;height: 1px;overflow: hidden\">myma@infomed.sld.cu; myrna@infomed.sld.cu<\/div>\n","protected":false},"excerpt":{"rendered":"<p>Aviso de Cicl\u00f3n Tropical. Centro de Pron\u00f3sticos, INSMET. Fecha: 23 de Agosto de 2012 Hora: 12:01 AM. AVISO DE CICLON TROPICAL No 7. TORMENTA TROPICAL ISAAC. &#8230;Isaac se interna en el mar Caribe oriental\u2026 En horas de la noche la tormenta tropical Isaac se intern\u00f3 en aguas del mar Caribe oriental, movi\u00e9ndose al oeste a [&hellip;]<\/p>\n","protected":false},"author":169,"featured_media":0,"comment_status":"closed","ping_status":"closed","sticky":false,"template":"","format":"standard","meta":[],"categories":[37,124,9],"tags":[],"_links":{"self":[{"href":"https:\/\/blogs.sld.cu\/behique\/wp-json\/wp\/v2\/posts\/1696"}],"collection":[{"href":"https:\/\/blogs.sld.cu\/behique\/wp-json\/wp\/v2\/posts"}],"about":[{"href":"https:\/\/blogs.sld.cu\/behique\/wp-json\/wp\/v2\/types\/post"}],"author":[{"embeddable":true,"href":"https:\/\/blogs.sld.cu\/behique\/wp-json\/wp\/v2\/users\/169"}],"replies":[{"embeddable":true,"href":"https:\/\/blogs.sld.cu\/behique\/wp-json\/wp\/v2\/comments?post=1696"}],"version-history":[{"count":0,"href":"https:\/\/blogs.sld.cu\/behique\/wp-json\/wp\/v2\/posts\/1696\/revisions"}],"wp:attachment":[{"href":"https:\/\/blogs.sld.cu\/behique\/wp-json\/wp\/v2\/media?parent=1696"}],"wp:term":[{"taxonomy":"category","embeddable":true,"href":"https:\/\/blogs.sld.cu\/behique\/wp-json\/wp\/v2\/categories?post=1696"},{"taxonomy":"post_tag","embeddable":true,"href":"https:\/\/blogs.sld.cu\/behique\/wp-json\/wp\/v2\/tags?post=1696"}],"curies":[{"name":"wp","href":"https:\/\/api.w.org\/{rel}","templated":true}]}}