{"id":17,"date":"2008-07-24T20:10:23","date_gmt":"2008-07-25T00:10:23","guid":{"rendered":"http:\/\/blogviejo.sld.cu\/avisosciclon\/2008\/07\/24\/tormenta-tropical-bertha-aviso-no-4\/"},"modified":"2008-07-24T20:10:23","modified_gmt":"2008-07-25T00:10:23","slug":"tormenta-tropical-bertha-aviso-no-4","status":"publish","type":"post","link":"https:\/\/blogs.sld.cu\/behique\/2008\/07\/24\/tormenta-tropical-bertha-aviso-no-4\/","title":{"rendered":"Tormenta tropical Bertha Aviso No. 4"},"content":{"rendered":"<p>Aviso de cicl\u00f3n tropical<br \/>\nCentro de Pron\u00f3sticos, INSMET.<br \/>\nFecha: 4 de julio de 2008. Hora: 06:00 p.m.<\/p>\n<p>AVISO DE CICL\u00d3N TROPICAL No. 4<\/p>\n<p>TORMENTA TROPICAL BERTHA<\/p>\n<p>Bertha incrementa su velocidad de traslaci\u00f3n<\/p>\n<p>A las seis de la tarde el centro de la tormenta tropical Bertha fue estimado en los 15.6 grados de latitud Norte y los 31.9 grados de longitud oeste, posici\u00f3n que la sit\u00faa a unos 970 kil\u00f3metros al oeste de las Islas de Cabo Verde.<\/p>\n<p>Bertha ha disminuido su presi\u00f3n central hasta 1000 hectoPascal y ahora posee vientos m\u00e1ximos sostenidos de 85 kil\u00f3metros por hora, con rachas superiores. Contin\u00faa desplaz\u00e1ndose hacia el oestenoroeste incrementando su velocidad de traslaci\u00f3n a 30 kil\u00f3metros por hora.<\/p>\n<p>Se pronostica que en las pr\u00f3ximas 24 horas, esta tormenta tropical continuar\u00e1 con similar rumbo y velocidad de traslaci\u00f3n, con ligeros cambios en su intensidad.<\/p>\n<p>El pr\u00f3ximo aviso de cicl\u00f3n tropical se emitir\u00e1 a las seis de la tarde de ma\u00f1ana.<\/p>\n<p>M. A. Hern\u00e1ndez\/Y. Berm\u00fadez<\/p>\n","protected":false},"excerpt":{"rendered":"<p>Aviso de cicl\u00f3n tropical Centro de Pron\u00f3sticos, INSMET. Fecha: 4 de julio de 2008. Hora: 06:00 p.m. AVISO DE CICL\u00d3N TROPICAL No. 4 TORMENTA TROPICAL BERTHA Bertha incrementa su velocidad de traslaci\u00f3n A las seis de la tarde el centro de la tormenta tropical Bertha fue estimado en los 15.6 grados de latitud Norte y [&hellip;]<\/p>\n","protected":false},"author":169,"featured_media":0,"comment_status":"open","ping_status":"open","sticky":false,"template":"","format":"standard","meta":[],"categories":[17,94,5],"tags":[],"_links":{"self":[{"href":"https:\/\/blogs.sld.cu\/behique\/wp-json\/wp\/v2\/posts\/17"}],"collection":[{"href":"https:\/\/blogs.sld.cu\/behique\/wp-json\/wp\/v2\/posts"}],"about":[{"href":"https:\/\/blogs.sld.cu\/behique\/wp-json\/wp\/v2\/types\/post"}],"author":[{"embeddable":true,"href":"https:\/\/blogs.sld.cu\/behique\/wp-json\/wp\/v2\/users\/169"}],"replies":[{"embeddable":true,"href":"https:\/\/blogs.sld.cu\/behique\/wp-json\/wp\/v2\/comments?post=17"}],"version-history":[{"count":0,"href":"https:\/\/blogs.sld.cu\/behique\/wp-json\/wp\/v2\/posts\/17\/revisions"}],"wp:attachment":[{"href":"https:\/\/blogs.sld.cu\/behique\/wp-json\/wp\/v2\/media?parent=17"}],"wp:term":[{"taxonomy":"category","embeddable":true,"href":"https:\/\/blogs.sld.cu\/behique\/wp-json\/wp\/v2\/categories?post=17"},{"taxonomy":"post_tag","embeddable":true,"href":"https:\/\/blogs.sld.cu\/behique\/wp-json\/wp\/v2\/tags?post=17"}],"curies":[{"name":"wp","href":"https:\/\/api.w.org\/{rel}","templated":true}]}}