{"id":1706,"date":"2012-08-23T18:15:40","date_gmt":"2012-08-23T22:15:40","guid":{"rendered":"http:\/\/blogviejo.sld.cu\/avisosciclon\/?p=1706"},"modified":"2012-08-23T18:15:40","modified_gmt":"2012-08-23T22:15:40","slug":"tormenta-tropical-isaac-aviso-no-10","status":"publish","type":"post","link":"https:\/\/blogs.sld.cu\/behique\/2012\/08\/23\/tormenta-tropical-isaac-aviso-no-10\/","title":{"rendered":"Tormenta tropical Isaac Aviso No. 10"},"content":{"rendered":"<p>Aviso de Cicl\u00f3n Tropical.<br \/>\nCentro de Pron\u00f3sticos, INSMET.<br \/>\nFecha: 23 de Agosto de 2012 Hora: 6:00 PM.<\/p>\n<p>AVISO DE CICLON TROPICAL No. 10.<\/p>\n<p>TORMENTA TROPICAL ISAAC.<\/p>\n<p>&#8230;Isaac comienza a moverse al oeste-noroeste&#8230;<\/p>\n<p>Durante la tarde de hoy, la Tormenta Tropical Isaac ha tenido poco cambio en su intensidad, aunque en las \u00faltimas im\u00e1genes de sat\u00e9lite se observa m\u00e1s desorganizada. Mantiene vientos m\u00e1ximos sostenidos de 65 kil\u00f3metros por hora, con rachas superiores y una presi\u00f3n m\u00ednima central de 1003 hectoPascal. Se mueve ahora al oestenoroeste e increment\u00f3 ligeramente su velocidad de traslaci\u00f3n a 26 kil\u00f3metros por hora.<\/p>\n<p>A las seis de esta tarde, su centro fue estimado en 16.1 grados de latitud Norte y 67.3 grados de longitud Oeste, posici\u00f3n que la sit\u00faa a 290 kil\u00f3metros al sursuroeste de San Juan, Puerto Rico y a 375 kil\u00f3metros al sudeste de Santo Domingo, Rep\u00fablica Dominicana.<\/p>\n<p>Se pronostica que durante las pr\u00f3ximas 24 a 48 horas, Isaac ganar\u00e1 algo m\u00e1s en organizaci\u00f3n e intensidad y mantendr\u00e1 similar rumbo y velocidad de traslaci\u00f3n. Con dicho movimiento transitar\u00e1 en las pr\u00f3ximas horas por los mares al sur de Puerto Rico aproxim\u00e1ndose desde esta madrugada a la costa sur de Rep\u00fablica Dominicana.<\/p>\n<p>Para las pr\u00f3ximas 12 a 24 horas, en el litoral norte oriental habr\u00e1 fuertes marejadas con peligro para la navegaci\u00f3n, con inicio gradual de inundaciones costeras en zonas bajas de este litoral desde el final de la tarde de ma\u00f1ana. Habr\u00e1 marejadas con peligro para las embarcaciones menores en el sur oriental que se extender\u00e1n desde la tarde al norte central.<\/p>\n<p>El Centro Nacional de Pron\u00f3sticos mantendr\u00e1 una estrecha vigilancia sobre la evoluci\u00f3n y futura trayectoria de este organismo tropical, que puede representar una amenaza potencial para nuestro pa\u00eds.<\/p>\n<p>El pr\u00f3ximo Aviso de Cicl\u00f3n Tropical sobre este organismo se emitir\u00e1 a la medianoche.<\/p>\n<p>J. Gonz\u00e1lez\u00a0 G. Acosta.<\/p>\n","protected":false},"excerpt":{"rendered":"<p>Aviso de Cicl\u00f3n Tropical. Centro de Pron\u00f3sticos, INSMET. Fecha: 23 de Agosto de 2012 Hora: 6:00 PM. AVISO DE CICLON TROPICAL No. 10. TORMENTA TROPICAL ISAAC. &#8230;Isaac comienza a moverse al oeste-noroeste&#8230; Durante la tarde de hoy, la Tormenta Tropical Isaac ha tenido poco cambio en su intensidad, aunque en las \u00faltimas im\u00e1genes de sat\u00e9lite [&hellip;]<\/p>\n","protected":false},"author":169,"featured_media":0,"comment_status":"closed","ping_status":"closed","sticky":false,"template":"","format":"standard","meta":[],"categories":[37,124,9],"tags":[],"_links":{"self":[{"href":"https:\/\/blogs.sld.cu\/behique\/wp-json\/wp\/v2\/posts\/1706"}],"collection":[{"href":"https:\/\/blogs.sld.cu\/behique\/wp-json\/wp\/v2\/posts"}],"about":[{"href":"https:\/\/blogs.sld.cu\/behique\/wp-json\/wp\/v2\/types\/post"}],"author":[{"embeddable":true,"href":"https:\/\/blogs.sld.cu\/behique\/wp-json\/wp\/v2\/users\/169"}],"replies":[{"embeddable":true,"href":"https:\/\/blogs.sld.cu\/behique\/wp-json\/wp\/v2\/comments?post=1706"}],"version-history":[{"count":0,"href":"https:\/\/blogs.sld.cu\/behique\/wp-json\/wp\/v2\/posts\/1706\/revisions"}],"wp:attachment":[{"href":"https:\/\/blogs.sld.cu\/behique\/wp-json\/wp\/v2\/media?parent=1706"}],"wp:term":[{"taxonomy":"category","embeddable":true,"href":"https:\/\/blogs.sld.cu\/behique\/wp-json\/wp\/v2\/categories?post=1706"},{"taxonomy":"post_tag","embeddable":true,"href":"https:\/\/blogs.sld.cu\/behique\/wp-json\/wp\/v2\/tags?post=1706"}],"curies":[{"name":"wp","href":"https:\/\/api.w.org\/{rel}","templated":true}]}}