{"id":1818,"date":"2012-09-03T22:28:49","date_gmt":"2012-09-04T02:28:49","guid":{"rendered":"http:\/\/blogviejo.sld.cu\/avisosciclon\/?p=1818"},"modified":"2012-09-03T22:28:49","modified_gmt":"2012-09-04T02:28:49","slug":"depresion-tropical-no-13-aviso-no-1-2","status":"publish","type":"post","link":"https:\/\/blogs.sld.cu\/behique\/2012\/09\/03\/depresion-tropical-no-13-aviso-no-1-2\/","title":{"rendered":"Depresi\u00f3n tropical No. 13 Aviso No. 1"},"content":{"rendered":"<p>Aviso de Cicl\u00f3n Tropical.<br \/>\nCentro de Pron\u00f3sticos, INSMET.<br \/>\nFecha: 3 de septiembre de 2012 Hora: 5:00 PM.<\/p>\n<p>AVISO DE CICLON TROPICAL No 1.<\/p>\n<p>DEPRESI\u00d3N TROPICAL No 13.<\/p>\n<p>&#8230; se forma una nueva depresi\u00f3n tropical&#8230;<\/p>\n<p>Durante la tarde de hoy el \u00e1rea de bajas presiones localizada sobre el Atl\u00e1ntico central continu\u00f3 organiz\u00e1ndose mejor y se convirti\u00f3 en la depresi\u00f3n tropical No. 13 de la actual temporada cicl\u00f3nica.<\/p>\n<p>A las cinco de la tarde su regi\u00f3n central se localizaba en los 25.6 grados de latitud norte y 42.2 grados de longitud oeste, posici\u00f3n que la sit\u00faa a 2170 kil\u00f3metros al oestenoroeste de las islas de Cabo Verde.<\/p>\n<p>Posee vientos m\u00e1ximos sostenidos de 55 kil\u00f3metros por hora con rachas superiores y una presi\u00f3n m\u00ednima central de 1012 hectoPascal. Se est\u00e1 desplazando muy lentamente al noroeste a 6 kil\u00f3metros por hora.<\/p>\n<p>Se pronostica que durante las pr\u00f3ximas 24 a 48 horas esta depresi\u00f3n tropical continuar\u00e1 movi\u00e9ndose lentamente con similar rumbo, ganando algo m\u00e1s en organizaci\u00f3n e intensidad, por lo que pudiera convertirse en una tormenta tropical el martes.<\/p>\n<p>El pr\u00f3ximo aviso de cicl\u00f3n tropical sobre este organismo se emitir\u00e1 a las seis de la tarde del martes.<\/p>\n<p>Y. Cede\u00f1o<\/p>\n","protected":false},"excerpt":{"rendered":"<p>Aviso de Cicl\u00f3n Tropical. Centro de Pron\u00f3sticos, INSMET. Fecha: 3 de septiembre de 2012 Hora: 5:00 PM. AVISO DE CICLON TROPICAL No 1. DEPRESI\u00d3N TROPICAL No 13. &#8230; se forma una nueva depresi\u00f3n tropical&#8230; Durante la tarde de hoy el \u00e1rea de bajas presiones localizada sobre el Atl\u00e1ntico central continu\u00f3 organiz\u00e1ndose mejor y se convirti\u00f3 [&hellip;]<\/p>\n","protected":false},"author":169,"featured_media":0,"comment_status":"closed","ping_status":"closed","sticky":false,"template":"","format":"standard","meta":[],"categories":[42,141,9],"tags":[],"_links":{"self":[{"href":"https:\/\/blogs.sld.cu\/behique\/wp-json\/wp\/v2\/posts\/1818"}],"collection":[{"href":"https:\/\/blogs.sld.cu\/behique\/wp-json\/wp\/v2\/posts"}],"about":[{"href":"https:\/\/blogs.sld.cu\/behique\/wp-json\/wp\/v2\/types\/post"}],"author":[{"embeddable":true,"href":"https:\/\/blogs.sld.cu\/behique\/wp-json\/wp\/v2\/users\/169"}],"replies":[{"embeddable":true,"href":"https:\/\/blogs.sld.cu\/behique\/wp-json\/wp\/v2\/comments?post=1818"}],"version-history":[{"count":0,"href":"https:\/\/blogs.sld.cu\/behique\/wp-json\/wp\/v2\/posts\/1818\/revisions"}],"wp:attachment":[{"href":"https:\/\/blogs.sld.cu\/behique\/wp-json\/wp\/v2\/media?parent=1818"}],"wp:term":[{"taxonomy":"category","embeddable":true,"href":"https:\/\/blogs.sld.cu\/behique\/wp-json\/wp\/v2\/categories?post=1818"},{"taxonomy":"post_tag","embeddable":true,"href":"https:\/\/blogs.sld.cu\/behique\/wp-json\/wp\/v2\/tags?post=1818"}],"curies":[{"name":"wp","href":"https:\/\/api.w.org\/{rel}","templated":true}]}}