{"id":1854,"date":"2012-09-06T18:59:56","date_gmt":"2012-09-06T22:59:56","guid":{"rendered":"http:\/\/blogviejo.sld.cu\/avisosciclon\/?p=1854"},"modified":"2012-09-06T18:59:56","modified_gmt":"2012-09-06T22:59:56","slug":"huracan-michael-aviso-no-6","status":"publish","type":"post","link":"https:\/\/blogs.sld.cu\/behique\/2012\/09\/06\/huracan-michael-aviso-no-6\/","title":{"rendered":"Hurac\u00e1n Michael Aviso No. 6"},"content":{"rendered":"<p>Aviso de Cicl\u00f3n Tropical.<br \/>\nCentro de Pron\u00f3sticos, INSMET.<br \/>\nFecha: 6 de Septiembre de 2012 Hora: 6:00 pm.<\/p>\n<p>AVISO DE CICLON TROPICAL No. 6.<\/p>\n<p>HURACAN MICHAEL.<\/p>\n<p>&#8230; Michael se intensific\u00f3\u2026<\/p>\n<p>El hurac\u00e1n Michael durante el d\u00eda de hoy alcanz\u00f3 la categor\u00eda tres en la escala Saffir-Simpson, convirti\u00e9ndose as\u00ed en el primer hurac\u00e1n de gran intensidad de la actual temporada cicl\u00f3nica. A las seis de esta tarde sus vientos m\u00e1ximos sostenidos descendieron hasta 175 kil\u00f3metros por hora, por lo que en estos momentos es un hurac\u00e1n categor\u00eda 2. Su presi\u00f3n m\u00ednima es de 967 hectoPascal y se mueve al norte- nordeste a 9 kil\u00f3metros por hora.<\/p>\n<p>Su regi\u00f3n central fue estimada en los 30.7 grados de latitud norte y 41.0 grados de longitud oeste, posici\u00f3n que lo sit\u00faa a 870 kil\u00f3metros al oeste-suroeste de las islas Azores.<\/p>\n<p>Se pronostica que en las pr\u00f3ximas 24 a 48 horas el hurac\u00e1n Michael girar\u00e1 su rumbo entre el norte y nortenoroeste, reduciendo su velocidad de traslaci\u00f3n y debilit\u00e1ndose gradualmente.<\/p>\n<p>El pr\u00f3ximo aviso de cicl\u00f3n tropical sobre este organismo se emitir\u00e1 a las seis de la tarde del viernes.<\/p>\n<p>A. S\u00e1nchez\u00a0\u00a0\u00a0 A. J\u00fastiz<\/p>\n","protected":false},"excerpt":{"rendered":"<p>Aviso de Cicl\u00f3n Tropical. Centro de Pron\u00f3sticos, INSMET. Fecha: 6 de Septiembre de 2012 Hora: 6:00 pm. AVISO DE CICLON TROPICAL No. 6. HURACAN MICHAEL. &#8230; Michael se intensific\u00f3\u2026 El hurac\u00e1n Michael durante el d\u00eda de hoy alcanz\u00f3 la categor\u00eda tres en la escala Saffir-Simpson, convirti\u00e9ndose as\u00ed en el primer hurac\u00e1n de gran intensidad de [&hellip;]<\/p>\n","protected":false},"author":169,"featured_media":0,"comment_status":"closed","ping_status":"closed","sticky":false,"template":"","format":"standard","meta":[],"categories":[42,141,9],"tags":[],"_links":{"self":[{"href":"https:\/\/blogs.sld.cu\/behique\/wp-json\/wp\/v2\/posts\/1854"}],"collection":[{"href":"https:\/\/blogs.sld.cu\/behique\/wp-json\/wp\/v2\/posts"}],"about":[{"href":"https:\/\/blogs.sld.cu\/behique\/wp-json\/wp\/v2\/types\/post"}],"author":[{"embeddable":true,"href":"https:\/\/blogs.sld.cu\/behique\/wp-json\/wp\/v2\/users\/169"}],"replies":[{"embeddable":true,"href":"https:\/\/blogs.sld.cu\/behique\/wp-json\/wp\/v2\/comments?post=1854"}],"version-history":[{"count":0,"href":"https:\/\/blogs.sld.cu\/behique\/wp-json\/wp\/v2\/posts\/1854\/revisions"}],"wp:attachment":[{"href":"https:\/\/blogs.sld.cu\/behique\/wp-json\/wp\/v2\/media?parent=1854"}],"wp:term":[{"taxonomy":"category","embeddable":true,"href":"https:\/\/blogs.sld.cu\/behique\/wp-json\/wp\/v2\/categories?post=1854"},{"taxonomy":"post_tag","embeddable":true,"href":"https:\/\/blogs.sld.cu\/behique\/wp-json\/wp\/v2\/tags?post=1854"}],"curies":[{"name":"wp","href":"https:\/\/api.w.org\/{rel}","templated":true}]}}