{"id":189,"date":"2008-10-14T15:31:46","date_gmt":"2008-10-14T19:31:46","guid":{"rendered":"http:\/\/blogviejo.sld.cu\/avisosciclon\/2008\/10\/14\/tormenta-tropical-omar-aviso-no-4\/"},"modified":"2008-10-14T15:31:46","modified_gmt":"2008-10-14T19:31:46","slug":"tormenta-tropical-omar-aviso-no-4","status":"publish","type":"post","link":"https:\/\/blogs.sld.cu\/behique\/2008\/10\/14\/tormenta-tropical-omar-aviso-no-4\/","title":{"rendered":"Tormenta tropical Omar Aviso No. 4"},"content":{"rendered":"<p>Aviso de Cicl\u00f3n Tropical<br \/>\nCentro de Pron\u00f3sticos, INSMET.<br \/>\nFecha: 14 de octubre de 2008. Hora: 11:30 a.m.<\/p>\n<p>AVISO DE CICL\u00d3N TROPICAL No. 4<\/p>\n<p>TORMENTA TROPICAL OMAR<\/p>\n<p>Se forma la tormenta tropical Omar<\/p>\n<p>Durante la ma\u00f1ana de hoy la decimoquinta depresi\u00f3n tropical gan\u00f3 en organizaci\u00f3n e intensidad y se convirti\u00f3 en la tormenta tropical Omar.<\/p>\n<p>A las once de la ma\u00f1ana su regi\u00f3n central se estim\u00f3 en los 14,0 grados de latitud norte y los 69,0 grados de longitud oeste, posici\u00f3n que la sit\u00faa a unos 570 kil\u00f3metros al sursuroeste de San Juan, Puerto Rico y a unos 200 kil\u00f3metros al norte de Curazao.<\/p>\n<p>Sus vientos m\u00e1ximos se han incrementado y ahora son de 65 kil\u00f3metros por hora y su presi\u00f3n m\u00ednima se ha mantenido en 1001 hectoPascal. Se mueve lentamente al estesudeste a raz\u00f3n de 4 kil\u00f3metros por hora.<\/p>\n<p>Se pronostica que en las pr\u00f3ximas 12 a 24 horas incline su trayectoria al este y luego al nordeste, fortaleci\u00e9ndose a\u00fan m\u00e1s, con un ligero aumento en su velocidad de traslaci\u00f3n.<\/p>\n<p>El pr\u00f3ximo aviso de cicl\u00f3n tropical se emitir\u00e1 a las seis de la tarde de hoy martes.<\/p>\n<p>L. Quintero\/Y. Cede\u00f1o<\/p>\n","protected":false},"excerpt":{"rendered":"<p>Aviso de Cicl\u00f3n Tropical Centro de Pron\u00f3sticos, INSMET. Fecha: 14 de octubre de 2008. Hora: 11:30 a.m. AVISO DE CICL\u00d3N TROPICAL No. 4 TORMENTA TROPICAL OMAR Se forma la tormenta tropical Omar Durante la ma\u00f1ana de hoy la decimoquinta depresi\u00f3n tropical gan\u00f3 en organizaci\u00f3n e intensidad y se convirti\u00f3 en la tormenta tropical Omar. A [&hellip;]<\/p>\n","protected":false},"author":169,"featured_media":0,"comment_status":"closed","ping_status":"open","sticky":false,"template":"","format":"standard","meta":[],"categories":[146,175,5],"tags":[],"_links":{"self":[{"href":"https:\/\/blogs.sld.cu\/behique\/wp-json\/wp\/v2\/posts\/189"}],"collection":[{"href":"https:\/\/blogs.sld.cu\/behique\/wp-json\/wp\/v2\/posts"}],"about":[{"href":"https:\/\/blogs.sld.cu\/behique\/wp-json\/wp\/v2\/types\/post"}],"author":[{"embeddable":true,"href":"https:\/\/blogs.sld.cu\/behique\/wp-json\/wp\/v2\/users\/169"}],"replies":[{"embeddable":true,"href":"https:\/\/blogs.sld.cu\/behique\/wp-json\/wp\/v2\/comments?post=189"}],"version-history":[{"count":0,"href":"https:\/\/blogs.sld.cu\/behique\/wp-json\/wp\/v2\/posts\/189\/revisions"}],"wp:attachment":[{"href":"https:\/\/blogs.sld.cu\/behique\/wp-json\/wp\/v2\/media?parent=189"}],"wp:term":[{"taxonomy":"category","embeddable":true,"href":"https:\/\/blogs.sld.cu\/behique\/wp-json\/wp\/v2\/categories?post=189"},{"taxonomy":"post_tag","embeddable":true,"href":"https:\/\/blogs.sld.cu\/behique\/wp-json\/wp\/v2\/tags?post=189"}],"curies":[{"name":"wp","href":"https:\/\/api.w.org\/{rel}","templated":true}]}}