{"id":1913,"date":"2012-09-17T18:56:31","date_gmt":"2012-09-17T22:56:31","guid":{"rendered":"http:\/\/blogviejo.sld.cu\/avisosciclon\/?p=1913"},"modified":"2012-09-17T18:56:31","modified_gmt":"2012-09-17T22:56:31","slug":"tormenta-tropical-nadine-aviso-no-10","status":"publish","type":"post","link":"https:\/\/blogs.sld.cu\/behique\/2012\/09\/17\/tormenta-tropical-nadine-aviso-no-10\/","title":{"rendered":"Tormenta tropical Nadine Aviso No. 10"},"content":{"rendered":"<p>Aviso de Cicl\u00f3n Tropical.<br \/>\nCentro de Pron\u00f3sticos, INSMET.<br \/>\nFecha: 17 de Septiembre de 2012 Hora: 6:00 PM.<\/p>\n<p>AVISO DE CICLON TROPICAL No. 10TORMENTA TROPICAL NADINE.<\/p>\n<p>&#8230;. Nadine ahora es una tormenta tropical&#8230;<\/p>\n<p>Durante el d\u00eda la tormenta tropical Nadine ha continuado debilit\u00e1ndose, ahora posee vientos m\u00e1ximos sostenidos de 100 kil\u00f3metros por hora con rachas superiores y su presi\u00f3n m\u00ednima central ascendi\u00f3 a 987 hPa.<\/p>\n<p>A las seis de esta tarde, su centro fue estimado en los 33.6 grados de latitud norte y 34.3 grados de longitud oeste, posici\u00f3n que lo sit\u00faa a 905 kil\u00f3metros al oestesuroeste de las islas Azores, en el Atl\u00e1ntico norte. Se desplaza con rumbo pr\u00f3ximo al nordeste a raz\u00f3n de 19 kil\u00f3metros por hora.<\/p>\n<p>Se pronostica que en las pr\u00f3ximas 24 a 48 horas, esta tormenta tropical mantendr\u00e1 igual rumbo, disminuyendo su velocidad de traslaci\u00f3n y continuar\u00e1 debilit\u00e1ndose.<\/p>\n<p>Este ser\u00e1 el \u00faltimo aviso de cicl\u00f3n tropical que se emita sobre la tormenta tropical Nadine.<\/p>\n<p>M. A. Hern\u00e1ndez\u00a0 Y. Mart\u00ednez<\/p>\n","protected":false},"excerpt":{"rendered":"<p>Aviso de Cicl\u00f3n Tropical. Centro de Pron\u00f3sticos, INSMET. Fecha: 17 de Septiembre de 2012 Hora: 6:00 PM. AVISO DE CICLON TROPICAL No. 10TORMENTA TROPICAL NADINE. &#8230;. Nadine ahora es una tormenta tropical&#8230; Durante el d\u00eda la tormenta tropical Nadine ha continuado debilit\u00e1ndose, ahora posee vientos m\u00e1ximos sostenidos de 100 kil\u00f3metros por hora con rachas superiores [&hellip;]<\/p>\n","protected":false},"author":169,"featured_media":0,"comment_status":"closed","ping_status":"closed","sticky":false,"template":"","format":"standard","meta":[],"categories":[44,145,9],"tags":[],"_links":{"self":[{"href":"https:\/\/blogs.sld.cu\/behique\/wp-json\/wp\/v2\/posts\/1913"}],"collection":[{"href":"https:\/\/blogs.sld.cu\/behique\/wp-json\/wp\/v2\/posts"}],"about":[{"href":"https:\/\/blogs.sld.cu\/behique\/wp-json\/wp\/v2\/types\/post"}],"author":[{"embeddable":true,"href":"https:\/\/blogs.sld.cu\/behique\/wp-json\/wp\/v2\/users\/169"}],"replies":[{"embeddable":true,"href":"https:\/\/blogs.sld.cu\/behique\/wp-json\/wp\/v2\/comments?post=1913"}],"version-history":[{"count":0,"href":"https:\/\/blogs.sld.cu\/behique\/wp-json\/wp\/v2\/posts\/1913\/revisions"}],"wp:attachment":[{"href":"https:\/\/blogs.sld.cu\/behique\/wp-json\/wp\/v2\/media?parent=1913"}],"wp:term":[{"taxonomy":"category","embeddable":true,"href":"https:\/\/blogs.sld.cu\/behique\/wp-json\/wp\/v2\/categories?post=1913"},{"taxonomy":"post_tag","embeddable":true,"href":"https:\/\/blogs.sld.cu\/behique\/wp-json\/wp\/v2\/tags?post=1913"}],"curies":[{"name":"wp","href":"https:\/\/api.w.org\/{rel}","templated":true}]}}