{"id":1928,"date":"2012-10-04T07:05:17","date_gmt":"2012-10-04T11:05:17","guid":{"rendered":"http:\/\/blogviejo.sld.cu\/avisosciclon\/?p=1928"},"modified":"2012-10-04T07:05:17","modified_gmt":"2012-10-04T11:05:17","slug":"depresion-tropical-no-15-aviso-no-2-2","status":"publish","type":"post","link":"https:\/\/blogs.sld.cu\/behique\/2012\/10\/04\/depresion-tropical-no-15-aviso-no-2-2\/","title":{"rendered":"Depresi\u00f3n tropical No. 15 Aviso No. 2"},"content":{"rendered":"<p>AVISO DE CICLON TROPICAL.<br \/>\nCENTRO DE PRONOSTICOS, INSMET.<br \/>\nFecha: 3 de octubre del 2012. Hora: 6:00 pm.<\/p>\n<p>AVISO DE CICLON TROPICAL No. 2.<\/p>\n<p>DEPRESI\u00d3N TROPICAL No.15.<\/p>\n<p>&#8230; la depresi\u00f3n tropical se mueve al nortenoroeste en el Atl\u00e1ntico&#8230;<\/p>\n<p>A las seis de la tarde de hoy el centro de la depresi\u00f3n tropical n\u00famero quince se estim\u00f3 en los 18.8 grados de latitud norte y 42.1 grados de longitud oeste, posici\u00f3n que la sit\u00faa a unos 2045 kil\u00f3metros al oeste de las islas de Cabo Verde.<\/p>\n<p>Esta depresi\u00f3n tropical mantiene vientos m\u00e1ximos sostenidos de 55 kil\u00f3metros por hora, con rachas superiores y una presi\u00f3n central de 1008 hectoPascal, ahora se mueve al nortenoroeste a 22 kil\u00f3metros por hora.<\/p>\n<p>En las pr\u00f3ximas 24 a 48 horas se pronostica que este organismo tropical inclinar\u00e1 el rumbo norte y disminuir\u00e1 su velocidad de traslaci\u00f3n pero se acelerar\u00e1 al nordeste en la noche del jueves, puede ganar m\u00e1s en organizaci\u00f3n e intensidad y convertirse en tormenta tropical pero se pronostica que se debilite para el viernes.<\/p>\n<p>El pr\u00f3ximo aviso de cicl\u00f3n tropical se emitir\u00e1 a las seis de la tarde del jueves.<\/p>\n<p>Y. Mart\u00ednez\/ G. Est\u00e9vez<\/p>\n","protected":false},"excerpt":{"rendered":"<p>AVISO DE CICLON TROPICAL. CENTRO DE PRONOSTICOS, INSMET. Fecha: 3 de octubre del 2012. Hora: 6:00 pm. AVISO DE CICLON TROPICAL No. 2. DEPRESI\u00d3N TROPICAL No.15. &#8230; la depresi\u00f3n tropical se mueve al nortenoroeste en el Atl\u00e1ntico&#8230; A las seis de la tarde de hoy el centro de la depresi\u00f3n tropical n\u00famero quince se estim\u00f3 [&hellip;]<\/p>\n","protected":false},"author":169,"featured_media":0,"comment_status":"closed","ping_status":"closed","sticky":false,"template":"","format":"standard","meta":[],"categories":[45,149,9],"tags":[],"_links":{"self":[{"href":"https:\/\/blogs.sld.cu\/behique\/wp-json\/wp\/v2\/posts\/1928"}],"collection":[{"href":"https:\/\/blogs.sld.cu\/behique\/wp-json\/wp\/v2\/posts"}],"about":[{"href":"https:\/\/blogs.sld.cu\/behique\/wp-json\/wp\/v2\/types\/post"}],"author":[{"embeddable":true,"href":"https:\/\/blogs.sld.cu\/behique\/wp-json\/wp\/v2\/users\/169"}],"replies":[{"embeddable":true,"href":"https:\/\/blogs.sld.cu\/behique\/wp-json\/wp\/v2\/comments?post=1928"}],"version-history":[{"count":0,"href":"https:\/\/blogs.sld.cu\/behique\/wp-json\/wp\/v2\/posts\/1928\/revisions"}],"wp:attachment":[{"href":"https:\/\/blogs.sld.cu\/behique\/wp-json\/wp\/v2\/media?parent=1928"}],"wp:term":[{"taxonomy":"category","embeddable":true,"href":"https:\/\/blogs.sld.cu\/behique\/wp-json\/wp\/v2\/categories?post=1928"},{"taxonomy":"post_tag","embeddable":true,"href":"https:\/\/blogs.sld.cu\/behique\/wp-json\/wp\/v2\/tags?post=1928"}],"curies":[{"name":"wp","href":"https:\/\/api.w.org\/{rel}","templated":true}]}}