{"id":193,"date":"2008-10-14T19:09:25","date_gmt":"2008-10-14T23:09:25","guid":{"rendered":"http:\/\/blogviejo.sld.cu\/avisosciclon\/2008\/10\/14\/tormenta-tropical-omar-aviso-no-5\/"},"modified":"2008-10-14T19:09:25","modified_gmt":"2008-10-14T23:09:25","slug":"tormenta-tropical-omar-aviso-no-5","status":"publish","type":"post","link":"https:\/\/blogs.sld.cu\/behique\/2008\/10\/14\/tormenta-tropical-omar-aviso-no-5\/","title":{"rendered":"Tormenta tropical Omar Aviso No. 5"},"content":{"rendered":"<p>Aviso de Cicl\u00f3n Tropical.<br \/>\nCentro de Pron\u00f3sticos, INSMET.<br \/>\nFecha: 14 de octubre de 2008. Hora: 6:00 p.m.<\/p>\n<p>AVISO DE CICL\u00d3N TROPICAL No. 5<\/p>\n<p>TORMENTA TROPICAL OMAR<\/p>\n<p>Omar pr\u00f3ximo a hurac\u00e1n<\/p>\n<p>La tormenta tropical Omar ha continuado ganando en organizaci\u00f3n e intensidad y est\u00e1 muy pr\u00f3ximo alcanzar la categor\u00eda de hurac\u00e1n.<\/p>\n<p>A las seis de la tarde el centro se estim\u00f3 en los 14,0 grados de latitud norte y los 68,4 grados de longitud oeste, posici\u00f3n que la sit\u00faa a unos 550 kil\u00f3metros al sursuroeste de San Juan, Puerto Rico y a unos 210 kil\u00f3metros al nortenordeste de Curazao.<\/p>\n<p>Sus vientos m\u00e1ximos se han incrementado hasta 110 kil\u00f3metros por hora, con rachas superiores y su presi\u00f3n m\u00ednima obtenida por un avi\u00f3n de reconocimiento es de 982 hectoPascal. Se mueve el estenordeste a unos 11 kil\u00f3metros por hora.<\/p>\n<p>Se pronostica que en las pr\u00f3ximas 12 a 24 horas incline su trayectoria al nordeste, fortaleci\u00e9ndose a\u00fan m\u00e1s, con un ligero aumento en su velocidad de traslaci\u00f3n.<\/p>\n<p>El pr\u00f3ximo aviso de cicl\u00f3n tropical se emitir\u00e1 a las seis de la ma\u00f1ana del mi\u00e9rcoles.<\/p>\n<p>L. Quintero\/Y. Cede\u00f1o<\/p>\n","protected":false},"excerpt":{"rendered":"<p>Aviso de Cicl\u00f3n Tropical. Centro de Pron\u00f3sticos, INSMET. Fecha: 14 de octubre de 2008. Hora: 6:00 p.m. AVISO DE CICL\u00d3N TROPICAL No. 5 TORMENTA TROPICAL OMAR Omar pr\u00f3ximo a hurac\u00e1n La tormenta tropical Omar ha continuado ganando en organizaci\u00f3n e intensidad y est\u00e1 muy pr\u00f3ximo alcanzar la categor\u00eda de hurac\u00e1n. A las seis de la [&hellip;]<\/p>\n","protected":false},"author":169,"featured_media":0,"comment_status":"closed","ping_status":"open","sticky":false,"template":"","format":"standard","meta":[],"categories":[146,175,5],"tags":[],"_links":{"self":[{"href":"https:\/\/blogs.sld.cu\/behique\/wp-json\/wp\/v2\/posts\/193"}],"collection":[{"href":"https:\/\/blogs.sld.cu\/behique\/wp-json\/wp\/v2\/posts"}],"about":[{"href":"https:\/\/blogs.sld.cu\/behique\/wp-json\/wp\/v2\/types\/post"}],"author":[{"embeddable":true,"href":"https:\/\/blogs.sld.cu\/behique\/wp-json\/wp\/v2\/users\/169"}],"replies":[{"embeddable":true,"href":"https:\/\/blogs.sld.cu\/behique\/wp-json\/wp\/v2\/comments?post=193"}],"version-history":[{"count":0,"href":"https:\/\/blogs.sld.cu\/behique\/wp-json\/wp\/v2\/posts\/193\/revisions"}],"wp:attachment":[{"href":"https:\/\/blogs.sld.cu\/behique\/wp-json\/wp\/v2\/media?parent=193"}],"wp:term":[{"taxonomy":"category","embeddable":true,"href":"https:\/\/blogs.sld.cu\/behique\/wp-json\/wp\/v2\/categories?post=193"},{"taxonomy":"post_tag","embeddable":true,"href":"https:\/\/blogs.sld.cu\/behique\/wp-json\/wp\/v2\/tags?post=193"}],"curies":[{"name":"wp","href":"https:\/\/api.w.org\/{rel}","templated":true}]}}