{"id":1938,"date":"2012-10-11T11:19:28","date_gmt":"2012-10-11T15:19:28","guid":{"rendered":"http:\/\/blogviejo.sld.cu\/avisosciclon\/?p=1938"},"modified":"2012-10-11T11:19:28","modified_gmt":"2012-10-11T15:19:28","slug":"depresion-tropical-no-16-aviso-no-1-2","status":"publish","type":"post","link":"https:\/\/blogs.sld.cu\/behique\/2012\/10\/11\/depresion-tropical-no-16-aviso-no-1-2\/","title":{"rendered":"Depresi\u00f3n tropical No. 16 Aviso No. 1"},"content":{"rendered":"<p>AVISO DE CICLON TROPICAL.<br \/>\nCENTRO DE PRONOSTICOS, INSMET.<br \/>\nFecha: 11 de octubre del 2012. Hora: 11:00 am.<\/p>\n<p>AVISO DE CICLON TROPICAL No. 1.<\/p>\n<p>DEPRESI\u00d3N TROPICAL No.16.<\/p>\n<p>&#8230; se forma la d\u00e9cimosexta depresi\u00f3n tropical de la temporada&#8230;<\/p>\n<p>La actividad de tormentas y lluvias asociada a El \u00e1rea de bajas presiones que se encontraba al este de la porci\u00f3n de las Bahamas centrales gan\u00f3 en organizaci\u00f3n durante la ma\u00f1ana de hoy y se convirti\u00f3 en la depresi\u00f3n tropical n\u00famero diecis\u00e9is de la actual temporada cicl\u00f3nica.<\/p>\n<p>A esta hora su regi\u00f3n central se localiza en los 25.4 grados de latitud norte y 72.6 grados de longitud oeste, posici\u00f3n que la sit\u00faa a unos 380 kil\u00f3metros al estenordeste de las Bahamas centrales.<\/p>\n<p>Sus vientos m\u00e1ximos sostenidos son de 55 kil\u00f3metros por hora y su presi\u00f3n central de 1009 hectoPascal y est\u00e1 estacionaria. Se pronostica que en las pr\u00f3ximas 24 a 48 horas este organismo tropical tendr\u00e1 poco cambio tanto en su movimiento como en su intensidad.<\/p>\n<p>El pr\u00f3ximo aviso de cicl\u00f3n tropical sobre este sistema se emitir\u00e1 a las seis de la tarde de hoy.<\/p>\n<p>Y. Mart\u00ednez\u00a0\u00a0\u00a0 \u00a0G. Est\u00e9vez.<\/p>\n","protected":false},"excerpt":{"rendered":"<p>AVISO DE CICLON TROPICAL. CENTRO DE PRONOSTICOS, INSMET. Fecha: 11 de octubre del 2012. Hora: 11:00 am. AVISO DE CICLON TROPICAL No. 1. DEPRESI\u00d3N TROPICAL No.16. &#8230; se forma la d\u00e9cimosexta depresi\u00f3n tropical de la temporada&#8230; La actividad de tormentas y lluvias asociada a El \u00e1rea de bajas presiones que se encontraba al este de [&hellip;]<\/p>\n","protected":false},"author":169,"featured_media":0,"comment_status":"closed","ping_status":"closed","sticky":false,"template":"","format":"standard","meta":[],"categories":[47,153,9],"tags":[],"_links":{"self":[{"href":"https:\/\/blogs.sld.cu\/behique\/wp-json\/wp\/v2\/posts\/1938"}],"collection":[{"href":"https:\/\/blogs.sld.cu\/behique\/wp-json\/wp\/v2\/posts"}],"about":[{"href":"https:\/\/blogs.sld.cu\/behique\/wp-json\/wp\/v2\/types\/post"}],"author":[{"embeddable":true,"href":"https:\/\/blogs.sld.cu\/behique\/wp-json\/wp\/v2\/users\/169"}],"replies":[{"embeddable":true,"href":"https:\/\/blogs.sld.cu\/behique\/wp-json\/wp\/v2\/comments?post=1938"}],"version-history":[{"count":0,"href":"https:\/\/blogs.sld.cu\/behique\/wp-json\/wp\/v2\/posts\/1938\/revisions"}],"wp:attachment":[{"href":"https:\/\/blogs.sld.cu\/behique\/wp-json\/wp\/v2\/media?parent=1938"}],"wp:term":[{"taxonomy":"category","embeddable":true,"href":"https:\/\/blogs.sld.cu\/behique\/wp-json\/wp\/v2\/categories?post=1938"},{"taxonomy":"post_tag","embeddable":true,"href":"https:\/\/blogs.sld.cu\/behique\/wp-json\/wp\/v2\/tags?post=1938"}],"curies":[{"name":"wp","href":"https:\/\/api.w.org\/{rel}","templated":true}]}}