{"id":1951,"date":"2012-10-12T23:10:07","date_gmt":"2012-10-13T03:10:07","guid":{"rendered":"http:\/\/blogviejo.sld.cu\/avisosciclon\/?p=1951"},"modified":"2012-10-12T23:10:07","modified_gmt":"2012-10-13T03:10:07","slug":"tormenta-tropical-rafael-aviso-no-1","status":"publish","type":"post","link":"https:\/\/blogs.sld.cu\/behique\/2012\/10\/12\/tormenta-tropical-rafael-aviso-no-1\/","title":{"rendered":"Tormenta tropical Rafael Aviso No. 1"},"content":{"rendered":"<p>AVISO DE CICLON TROPICAL.<br \/>\nCENTRO DE PRONOSTICOS, INSMET.<br \/>\nFecha: 12 de octubre del 2012. Hora: 8:00 pm.<\/p>\n<p>AVISO DE CICLON TROPICAL No. 1.<\/p>\n<p>TORMENTA TROPICAL RAFAEL.<\/p>\n<p>&#8230;Se forma la Tormenta Tropical Rafael&#8230;<\/p>\n<p>Durante la tarde y primeras horas de la noche, el \u00e1rea de bajas presiones localizada en el mar Caribe oriental, al este del Arco de las Antillas Menores, contin\u00fao ganando en organizaci\u00f3n e intensidad convirti\u00e9ndose en la Tormenta Tropical Rafael, la decimos\u00e9ptima de la actual temporada cicl\u00f3nica. Posee vientos m\u00e1ximos sostenidos de 65 kil\u00f3metros por hora y una presi\u00f3n m\u00ednima central de 1006 hectoPascal.<\/p>\n<p>A las ocho de esta noche su centro se estim\u00f3 en 15.0 grados de latitud norte y 63.1 grados de longitud oeste, posici\u00f3n que la sit\u00faa a 200 kil\u00f3metros al oeste-suroeste de Dominica, en la porci\u00f3n central del Arco de las Antillas Menores.<\/p>\n<p>Se desplaza al norte-noroeste a 19 kil\u00f3metros por horas.<\/p>\n<p>Se pronostica que en las pr\u00f3ximas 24 a 48 horas este organismo tropical continuar\u00e1 con similar rumbo y velocidad de traslaci\u00f3n, girando gradualmente su rumbo al norte y con posibilidades de ganar algo m\u00e1s en organizaci\u00f3n e intensidad.<\/p>\n<p>El pr\u00f3ximo Aviso de Cicl\u00f3n Tropical sobre este sistema se emitir\u00e1 a la medianoche.<\/p>\n<p>G. Acosta\u00a0\u00a0\u00a0 G. Est\u00e9vez.<\/p>\n","protected":false},"excerpt":{"rendered":"<p>AVISO DE CICLON TROPICAL. CENTRO DE PRONOSTICOS, INSMET. Fecha: 12 de octubre del 2012. Hora: 8:00 pm. AVISO DE CICLON TROPICAL No. 1. TORMENTA TROPICAL RAFAEL. &#8230;Se forma la Tormenta Tropical Rafael&#8230; Durante la tarde y primeras horas de la noche, el \u00e1rea de bajas presiones localizada en el mar Caribe oriental, al este del [&hellip;]<\/p>\n","protected":false},"author":169,"featured_media":0,"comment_status":"closed","ping_status":"closed","sticky":false,"template":"","format":"standard","meta":[],"categories":[157,179,9],"tags":[],"_links":{"self":[{"href":"https:\/\/blogs.sld.cu\/behique\/wp-json\/wp\/v2\/posts\/1951"}],"collection":[{"href":"https:\/\/blogs.sld.cu\/behique\/wp-json\/wp\/v2\/posts"}],"about":[{"href":"https:\/\/blogs.sld.cu\/behique\/wp-json\/wp\/v2\/types\/post"}],"author":[{"embeddable":true,"href":"https:\/\/blogs.sld.cu\/behique\/wp-json\/wp\/v2\/users\/169"}],"replies":[{"embeddable":true,"href":"https:\/\/blogs.sld.cu\/behique\/wp-json\/wp\/v2\/comments?post=1951"}],"version-history":[{"count":0,"href":"https:\/\/blogs.sld.cu\/behique\/wp-json\/wp\/v2\/posts\/1951\/revisions"}],"wp:attachment":[{"href":"https:\/\/blogs.sld.cu\/behique\/wp-json\/wp\/v2\/media?parent=1951"}],"wp:term":[{"taxonomy":"category","embeddable":true,"href":"https:\/\/blogs.sld.cu\/behique\/wp-json\/wp\/v2\/categories?post=1951"},{"taxonomy":"post_tag","embeddable":true,"href":"https:\/\/blogs.sld.cu\/behique\/wp-json\/wp\/v2\/tags?post=1951"}],"curies":[{"name":"wp","href":"https:\/\/api.w.org\/{rel}","templated":true}]}}