{"id":1956,"date":"2012-10-13T08:17:08","date_gmt":"2012-10-13T12:17:08","guid":{"rendered":"http:\/\/blogviejo.sld.cu\/avisosciclon\/?p=1956"},"modified":"2012-10-13T08:17:08","modified_gmt":"2012-10-13T12:17:08","slug":"depresion-tropical-patty-aviso-no-5","status":"publish","type":"post","link":"https:\/\/blogs.sld.cu\/behique\/2012\/10\/13\/depresion-tropical-patty-aviso-no-5\/","title":{"rendered":"Depresi\u00f3n tropical Patty Aviso No. 5"},"content":{"rendered":"<p>AVISO DE CICLON TROPICAL.<br \/>\nCENTRO DE PRONOSTICOS, INSMET.<br \/>\nFecha: 13 de octubre del 2012. Hora: 6:00 am.<\/p>\n<p>AVISO DE CICLON TROPICAL No. 5.<\/p>\n<p>DEPRESION TROPICAL PATTY.<\/p>\n<p>&#8230;Patty estacionario y con tendencia a debilitarse&#8230;<\/p>\n<p>Durante la noche y la madrugada la Depresi\u00f3n Tropical Patty se ha mantenido estacionario y con poco cambio en su intensidad. Mantiene vientos m\u00e1ximos sostenidos de 55 kil\u00f3metros por hora y una presi\u00f3n m\u00ednima central de 1007 hectoPascal.<\/p>\n<p>A las seis de esta ma\u00f1ana su regi\u00f3n central se estim\u00f3 en 25.5 grados de latitud norte y 71.9<\/p>\n<p>grados de longitud oeste, posici\u00f3n que la sit\u00faa a 445 kil\u00f3metros al estenordeste de las Bahamas centrales.<\/p>\n<p>Se pronostica que en las pr\u00f3ximas 24 a 48 horas este organismo tropical comenzar\u00e1 a moverse lentamente al oeste-suroeste debilit\u00e1ndose y con posibilidades de pasar a ser una zona remanente de bajas presiones.<\/p>\n<p>El pr\u00f3ximo Aviso de Cicl\u00f3n Tropical sobre este sistema se emitir\u00e1 a las seis de la tarde de hoy s\u00e1bado.<\/p>\n<p>G. Acosta\u00a0 G. Est\u00e9vez.<\/p>\n","protected":false},"excerpt":{"rendered":"<p>AVISO DE CICLON TROPICAL. CENTRO DE PRONOSTICOS, INSMET. Fecha: 13 de octubre del 2012. Hora: 6:00 am. AVISO DE CICLON TROPICAL No. 5. DEPRESION TROPICAL PATTY. &#8230;Patty estacionario y con tendencia a debilitarse&#8230; Durante la noche y la madrugada la Depresi\u00f3n Tropical Patty se ha mantenido estacionario y con poco cambio en su intensidad. Mantiene [&hellip;]<\/p>\n","protected":false},"author":169,"featured_media":0,"comment_status":"closed","ping_status":"closed","sticky":false,"template":"","format":"standard","meta":[],"categories":[47,153,9],"tags":[],"_links":{"self":[{"href":"https:\/\/blogs.sld.cu\/behique\/wp-json\/wp\/v2\/posts\/1956"}],"collection":[{"href":"https:\/\/blogs.sld.cu\/behique\/wp-json\/wp\/v2\/posts"}],"about":[{"href":"https:\/\/blogs.sld.cu\/behique\/wp-json\/wp\/v2\/types\/post"}],"author":[{"embeddable":true,"href":"https:\/\/blogs.sld.cu\/behique\/wp-json\/wp\/v2\/users\/169"}],"replies":[{"embeddable":true,"href":"https:\/\/blogs.sld.cu\/behique\/wp-json\/wp\/v2\/comments?post=1956"}],"version-history":[{"count":0,"href":"https:\/\/blogs.sld.cu\/behique\/wp-json\/wp\/v2\/posts\/1956\/revisions"}],"wp:attachment":[{"href":"https:\/\/blogs.sld.cu\/behique\/wp-json\/wp\/v2\/media?parent=1956"}],"wp:term":[{"taxonomy":"category","embeddable":true,"href":"https:\/\/blogs.sld.cu\/behique\/wp-json\/wp\/v2\/categories?post=1956"},{"taxonomy":"post_tag","embeddable":true,"href":"https:\/\/blogs.sld.cu\/behique\/wp-json\/wp\/v2\/tags?post=1956"}],"curies":[{"name":"wp","href":"https:\/\/api.w.org\/{rel}","templated":true}]}}