{"id":1968,"date":"2012-10-14T16:24:27","date_gmt":"2012-10-14T20:24:27","guid":{"rendered":"http:\/\/blogviejo.sld.cu\/avisosciclon\/?p=1968"},"modified":"2012-10-14T16:24:27","modified_gmt":"2012-10-14T20:24:27","slug":"tormenta-tropical-rafael-aviso-no-5","status":"publish","type":"post","link":"https:\/\/blogs.sld.cu\/behique\/2012\/10\/14\/tormenta-tropical-rafael-aviso-no-5\/","title":{"rendered":"Tormenta tropical Rafael Aviso No. 5"},"content":{"rendered":"<p>AVISO DE CICLON TROPICAL.<br \/>\nCENTRO DE PRONOSTICOS, INSMET.<br \/>\nFecha: 13 de octubre del 2012. Hora: 6:00 pm.<\/p>\n<p>AVISO DE CICLON TROPICAL No. 5.<\/p>\n<p>TORMENTA TROPICAL RAFAEL.<\/p>\n<p>&#8230; Rafael se fortalece algo&#8230;<\/p>\n<p>Durante la tarde la tormenta tropical Rafael continu\u00f3 inclinando su trayectoria, ahora se mueve al norte nordeste a unos 19 kil\u00f3metros por hora. Sus vientos m\u00e1ximos sostenidos aumentaron a 85 kil\u00f3metros por hora y la presi\u00f3n m\u00ednima central disminuy\u00f3 a 1004 hectoPascal.<\/p>\n<p>A las seis de la tarde su centro se estim\u00f3 en 17.5 grados de latitud norte y 63.3 grados de longitud oeste, posici\u00f3n que la sit\u00faa a 70 kil\u00f3metros\u00a0 al sur suroeste de la isla San Mart\u00edn, en el grupo norte de las Antillas menores.<\/p>\n<p>Se pronostica que en las pr\u00f3ximas 24 a 48 horas este organismo tropical continuar\u00e1 con un rumbo pr\u00f3ximo al norte, transitando sobre o muy pr\u00f3ximo a las Islas V\u00edrgenes esta noche, a medida que se fortalece algo m\u00e1s, por lo que pudiera convertirse en hurac\u00e1n el lunes.<\/p>\n<p>El pr\u00f3ximo Aviso de Cicl\u00f3n Tropical sobre este sistema se emitir\u00e1 a las seis de la ma\u00f1ana del domingo.<\/p>\n<p>Y. Cede\u00f1o\/E. V\u00e1zquez<\/p>\n","protected":false},"excerpt":{"rendered":"<p>AVISO DE CICLON TROPICAL. CENTRO DE PRONOSTICOS, INSMET. Fecha: 13 de octubre del 2012. Hora: 6:00 pm. AVISO DE CICLON TROPICAL No. 5. TORMENTA TROPICAL RAFAEL. &#8230; Rafael se fortalece algo&#8230; Durante la tarde la tormenta tropical Rafael continu\u00f3 inclinando su trayectoria, ahora se mueve al norte nordeste a unos 19 kil\u00f3metros por hora. Sus [&hellip;]<\/p>\n","protected":false},"author":169,"featured_media":0,"comment_status":"closed","ping_status":"closed","sticky":false,"template":"","format":"standard","meta":[],"categories":[157,179,9],"tags":[],"_links":{"self":[{"href":"https:\/\/blogs.sld.cu\/behique\/wp-json\/wp\/v2\/posts\/1968"}],"collection":[{"href":"https:\/\/blogs.sld.cu\/behique\/wp-json\/wp\/v2\/posts"}],"about":[{"href":"https:\/\/blogs.sld.cu\/behique\/wp-json\/wp\/v2\/types\/post"}],"author":[{"embeddable":true,"href":"https:\/\/blogs.sld.cu\/behique\/wp-json\/wp\/v2\/users\/169"}],"replies":[{"embeddable":true,"href":"https:\/\/blogs.sld.cu\/behique\/wp-json\/wp\/v2\/comments?post=1968"}],"version-history":[{"count":0,"href":"https:\/\/blogs.sld.cu\/behique\/wp-json\/wp\/v2\/posts\/1968\/revisions"}],"wp:attachment":[{"href":"https:\/\/blogs.sld.cu\/behique\/wp-json\/wp\/v2\/media?parent=1968"}],"wp:term":[{"taxonomy":"category","embeddable":true,"href":"https:\/\/blogs.sld.cu\/behique\/wp-json\/wp\/v2\/categories?post=1968"},{"taxonomy":"post_tag","embeddable":true,"href":"https:\/\/blogs.sld.cu\/behique\/wp-json\/wp\/v2\/tags?post=1968"}],"curies":[{"name":"wp","href":"https:\/\/api.w.org\/{rel}","templated":true}]}}