{"id":201,"date":"2008-11-05T20:45:26","date_gmt":"2008-11-06T00:45:26","guid":{"rendered":"http:\/\/blogviejo.sld.cu\/avisosciclon\/2008\/11\/05\/depresion-tropical-no-17-aviso-no-1\/"},"modified":"2008-11-05T20:45:26","modified_gmt":"2008-11-06T00:45:26","slug":"depresion-tropical-no-17-aviso-no-1","status":"publish","type":"post","link":"https:\/\/blogs.sld.cu\/behique\/2008\/11\/05\/depresion-tropical-no-17-aviso-no-1\/","title":{"rendered":"Depresi\u00f3n tropical No. 17 Aviso No. 1"},"content":{"rendered":"<p>Aviso de Cicl\u00f3n Tropical<br \/>\nCentro de Pron\u00f3sticos, INSMET.<br \/>\nFecha: 5 de noviembre de 2008. Hora: 6:00 p.m.<\/p>\n<p>AVISO DE CICL\u00d3N TROPICAL No. 1<\/p>\n<p>DEPRESI\u00d3N TROPICAL No. 17.<\/p>\n<p>Se form\u00f3 la d\u00e9cimo s\u00e9ptima depresi\u00f3n tropical<\/p>\n<p>Durante esta tarde el \u00e1rea de bajas presiones que se encuentra en el suroeste del Mar Caribe continu\u00f3 organiz\u00e1ndose, por lo que se ha formado la d\u00e9cimo s\u00e9ptima depresi\u00f3n tropical de la actual temporada cicl\u00f3nica en el Atl\u00e1ntico Norte.<\/p>\n<p>A las seis de esta tarde ten\u00eda su regi\u00f3n central en los 14,1 grados de latitud norte y los 81,9 grados de longitud oeste, a unos 170 kil\u00f3metros al sudeste del Cabo Gracias a Dios, extremo nordeste de Nicaragua.<\/p>\n<p>Esta depresi\u00f3n tropical tiene vientos m\u00e1ximos sostenidos de 45 kil\u00f3metros por hora, con rachas superiores, su presi\u00f3n central es de 1004 hectoPascal y se mueve con rumbo entre el nortenoroeste y el norte, a raz\u00f3n de 7 kil\u00f3metros por hora.<\/p>\n<p>Se pronostica que en las pr\u00f3ximas 12 a 24 horas esta depresi\u00f3n mantendr\u00e1 igual rumbo y velocidad de traslaci\u00f3n, con posibilidades de alcanzar la categor\u00eda de tormenta tropical.<\/p>\n<p>El pr\u00f3ximo aviso de cicl\u00f3n tropical se emitir\u00e1 a la medianoche.<\/p>\n<p>M. A. Hern\u00e1ndez\/Y. Berm\u00fadez<\/p>\n","protected":false},"excerpt":{"rendered":"<p>Aviso de Cicl\u00f3n Tropical Centro de Pron\u00f3sticos, INSMET. Fecha: 5 de noviembre de 2008. Hora: 6:00 p.m. AVISO DE CICL\u00d3N TROPICAL No. 1 DEPRESI\u00d3N TROPICAL No. 17. Se form\u00f3 la d\u00e9cimo s\u00e9ptima depresi\u00f3n tropical Durante esta tarde el \u00e1rea de bajas presiones que se encuentra en el suroeste del Mar Caribe continu\u00f3 organiz\u00e1ndose, por lo [&hellip;]<\/p>\n","protected":false},"author":169,"featured_media":0,"comment_status":"closed","ping_status":"open","sticky":false,"template":"","format":"standard","meta":[],"categories":[154,177,5],"tags":[],"_links":{"self":[{"href":"https:\/\/blogs.sld.cu\/behique\/wp-json\/wp\/v2\/posts\/201"}],"collection":[{"href":"https:\/\/blogs.sld.cu\/behique\/wp-json\/wp\/v2\/posts"}],"about":[{"href":"https:\/\/blogs.sld.cu\/behique\/wp-json\/wp\/v2\/types\/post"}],"author":[{"embeddable":true,"href":"https:\/\/blogs.sld.cu\/behique\/wp-json\/wp\/v2\/users\/169"}],"replies":[{"embeddable":true,"href":"https:\/\/blogs.sld.cu\/behique\/wp-json\/wp\/v2\/comments?post=201"}],"version-history":[{"count":0,"href":"https:\/\/blogs.sld.cu\/behique\/wp-json\/wp\/v2\/posts\/201\/revisions"}],"wp:attachment":[{"href":"https:\/\/blogs.sld.cu\/behique\/wp-json\/wp\/v2\/media?parent=201"}],"wp:term":[{"taxonomy":"category","embeddable":true,"href":"https:\/\/blogs.sld.cu\/behique\/wp-json\/wp\/v2\/categories?post=201"},{"taxonomy":"post_tag","embeddable":true,"href":"https:\/\/blogs.sld.cu\/behique\/wp-json\/wp\/v2\/tags?post=201"}],"curies":[{"name":"wp","href":"https:\/\/api.w.org\/{rel}","templated":true}]}}