{"id":2025,"date":"2012-10-24T00:55:56","date_gmt":"2012-10-24T04:55:56","guid":{"rendered":"http:\/\/blogviejo.sld.cu\/avisosciclon\/?p=2025"},"modified":"2012-10-24T00:55:56","modified_gmt":"2012-10-24T04:55:56","slug":"tormenta-tropical-tony-aviso-no-3","status":"publish","type":"post","link":"https:\/\/blogs.sld.cu\/behique\/2012\/10\/24\/tormenta-tropical-tony-aviso-no-3\/","title":{"rendered":"Tormenta tropical Tony Aviso No. 3"},"content":{"rendered":"<p>AVISO DE CICLON TROPICAL.<br \/>\nCENTRO DE PRONOSTICOS, INSMET.<br \/>\nFecha: 24 de octubre del 2012. Hora: 12:01am.<\/p>\n<p>AVISO DE CICLON TROPICAL No. 3.<\/p>\n<p>TORMENTA TROPICAL TONY.<\/p>\n<p>&#8230;La depresi\u00f3n No. 19 se convierte en la tormenta tropical Tony&#8230;<\/p>\n<p>Durante la tarde y primeras horas de la noche, la depresi\u00f3n tropical No. 19 situada en el Atl\u00e1ntico central continu\u00f3 ganando en organizaci\u00f3n e intensidad convirti\u00e9ndose en la tormenta tropical Tony. Posee vientos m\u00e1ximos sostenidos de 65 kil\u00f3metros por hora, con rachas superiores y su presi\u00f3n central es de 1004 hectoPascal. Se mueve al nordeste a 19 kil\u00f3metros por hora. <\/p>\n<p>A la medianoche su regi\u00f3n central fue estimado en 26.8 grados de latitud norte y 49.1 <\/p>\n<p>grados de longitud oeste, posici\u00f3n que lo sit\u00faa a unos 2525 kil\u00f3metros al oeste-suroeste de las islas Azores. <\/p>\n<p>Se pronostica que en las pr\u00f3ximas 24 a 48 horas este sistema inclinar\u00e1 su trayectoria al este nordeste e incrementar\u00e1 su velocidad de traslaci\u00f3n, con posibilidad de ganar algo m\u00e1s en organizaci\u00f3n e intensidad.<\/p>\n<p>El pr\u00f3ximo aviso de cicl\u00f3n tropical sobre este sistema se emitir\u00e1 a las seis de la tarde del mi\u00e9rcoles. <\/p>\n<p>G. Acosta\tA. J\u00fastiz.<\/p>\n","protected":false},"excerpt":{"rendered":"<p>AVISO DE CICLON TROPICAL. CENTRO DE PRONOSTICOS, INSMET. Fecha: 24 de octubre del 2012. Hora: 12:01am. AVISO DE CICLON TROPICAL No. 3. TORMENTA TROPICAL TONY. &#8230;La depresi\u00f3n No. 19 se convierte en la tormenta tropical Tony&#8230; Durante la tarde y primeras horas de la noche, la depresi\u00f3n tropical No. 19 situada en el Atl\u00e1ntico central [&hellip;]<\/p>\n","protected":false},"author":169,"featured_media":0,"comment_status":"closed","ping_status":"closed","sticky":false,"template":"","format":"standard","meta":[],"categories":[50,163,9],"tags":[],"_links":{"self":[{"href":"https:\/\/blogs.sld.cu\/behique\/wp-json\/wp\/v2\/posts\/2025"}],"collection":[{"href":"https:\/\/blogs.sld.cu\/behique\/wp-json\/wp\/v2\/posts"}],"about":[{"href":"https:\/\/blogs.sld.cu\/behique\/wp-json\/wp\/v2\/types\/post"}],"author":[{"embeddable":true,"href":"https:\/\/blogs.sld.cu\/behique\/wp-json\/wp\/v2\/users\/169"}],"replies":[{"embeddable":true,"href":"https:\/\/blogs.sld.cu\/behique\/wp-json\/wp\/v2\/comments?post=2025"}],"version-history":[{"count":0,"href":"https:\/\/blogs.sld.cu\/behique\/wp-json\/wp\/v2\/posts\/2025\/revisions"}],"wp:attachment":[{"href":"https:\/\/blogs.sld.cu\/behique\/wp-json\/wp\/v2\/media?parent=2025"}],"wp:term":[{"taxonomy":"category","embeddable":true,"href":"https:\/\/blogs.sld.cu\/behique\/wp-json\/wp\/v2\/categories?post=2025"},{"taxonomy":"post_tag","embeddable":true,"href":"https:\/\/blogs.sld.cu\/behique\/wp-json\/wp\/v2\/tags?post=2025"}],"curies":[{"name":"wp","href":"https:\/\/api.w.org\/{rel}","templated":true}]}}