{"id":21,"date":"2008-07-24T20:18:41","date_gmt":"2008-07-25T00:18:41","guid":{"rendered":"http:\/\/blogviejo.sld.cu\/avisosciclon\/2008\/07\/24\/huracan-bertha-aviso-no-8\/"},"modified":"2008-07-24T20:18:41","modified_gmt":"2008-07-25T00:18:41","slug":"huracan-bertha-aviso-no-8","status":"publish","type":"post","link":"https:\/\/blogs.sld.cu\/behique\/2008\/07\/24\/huracan-bertha-aviso-no-8\/","title":{"rendered":"Hurac\u00e1n Bertha Aviso No. 8"},"content":{"rendered":"<p>Aviso de Cicl\u00f3n Tropical.<br \/>\nCentro de Pron\u00f3sticos, INSMET.<br \/>\nFecha: 7 de julio de 2008. Hora: 6:00 p.m.<\/p>\n<p>AVISO DE CICL\u00d3N TROPICAL No. 8.<\/p>\n<p>HURAC\u00c1N BERTHA<\/p>\n<p>Bertha ya es Hurac\u00e1n categor\u00eda 3<\/p>\n<p>Bertha durante el d\u00eda de hoy gan\u00f3 m\u00e1s en intensidad y ahora ya es un hurac\u00e1n\u00a0 categor\u00eda 3 en la escala Saffir-Simpson con vientos m\u00e1ximos de 185\u00a0 kil\u00f3metros por hora, con rachas superiores y su presi\u00f3n central ha\u00a0 descendido a 948 hectoPascal.<\/p>\n<p>A las seis de la tarde el centro del hurac\u00e1n Bertha fue estimado en los 21.2\u00a0 grados de latitud norte y los 52.3 grados de longitud oeste, posici\u00f3n que la\u00a0 sit\u00faa en aguas del Atl\u00e1ntico a unos 1750 kil\u00f3metros al sudeste de Bermudas.<\/p>\n<p>Bertha contin\u00faa desplaz\u00e1ndose en un rumbo oestenoroeste a raz\u00f3n de 19\u00a0 kil\u00f3metros por hora.<\/p>\n<p>Se pronostica que en las pr\u00f3ximas 12 a 24 horas, el hurac\u00e1n Bertha inclinar\u00e1\u00a0 su trayectoria algo m\u00e1s hacia el noroeste disminuyendo su velocidad de\u00a0 traslaci\u00f3n y tendr\u00e1 fluctuaciones en su intensidad.<\/p>\n<p>El pr\u00f3ximo aviso de cicl\u00f3n tropical se emitir\u00e1 a las seis de la tarde de\u00a0 ma\u00f1ana martes.<\/p>\n<p>J. Gonz\u00e1lez\/J. Palacios<\/p>\n","protected":false},"excerpt":{"rendered":"<p>Aviso de Cicl\u00f3n Tropical. Centro de Pron\u00f3sticos, INSMET. Fecha: 7 de julio de 2008. Hora: 6:00 p.m. AVISO DE CICL\u00d3N TROPICAL No. 8. HURAC\u00c1N BERTHA Bertha ya es Hurac\u00e1n categor\u00eda 3 Bertha durante el d\u00eda de hoy gan\u00f3 m\u00e1s en intensidad y ahora ya es un hurac\u00e1n\u00a0 categor\u00eda 3 en la escala Saffir-Simpson con vientos [&hellip;]<\/p>\n","protected":false},"author":169,"featured_media":0,"comment_status":"open","ping_status":"open","sticky":false,"template":"","format":"standard","meta":[],"categories":[17,94,5],"tags":[],"_links":{"self":[{"href":"https:\/\/blogs.sld.cu\/behique\/wp-json\/wp\/v2\/posts\/21"}],"collection":[{"href":"https:\/\/blogs.sld.cu\/behique\/wp-json\/wp\/v2\/posts"}],"about":[{"href":"https:\/\/blogs.sld.cu\/behique\/wp-json\/wp\/v2\/types\/post"}],"author":[{"embeddable":true,"href":"https:\/\/blogs.sld.cu\/behique\/wp-json\/wp\/v2\/users\/169"}],"replies":[{"embeddable":true,"href":"https:\/\/blogs.sld.cu\/behique\/wp-json\/wp\/v2\/comments?post=21"}],"version-history":[{"count":0,"href":"https:\/\/blogs.sld.cu\/behique\/wp-json\/wp\/v2\/posts\/21\/revisions"}],"wp:attachment":[{"href":"https:\/\/blogs.sld.cu\/behique\/wp-json\/wp\/v2\/media?parent=21"}],"wp:term":[{"taxonomy":"category","embeddable":true,"href":"https:\/\/blogs.sld.cu\/behique\/wp-json\/wp\/v2\/categories?post=21"},{"taxonomy":"post_tag","embeddable":true,"href":"https:\/\/blogs.sld.cu\/behique\/wp-json\/wp\/v2\/tags?post=21"}],"curies":[{"name":"wp","href":"https:\/\/api.w.org\/{rel}","templated":true}]}}