{"id":219,"date":"2009-05-29T17:50:58","date_gmt":"2009-05-29T21:50:58","guid":{"rendered":"http:\/\/blogviejo.sld.cu\/avisosciclon\/?p=219"},"modified":"2009-05-29T17:50:58","modified_gmt":"2009-05-29T21:50:58","slug":"depresion-tropical-no-1-aviso-no-1","status":"publish","type":"post","link":"https:\/\/blogs.sld.cu\/behique\/2009\/05\/29\/depresion-tropical-no-1-aviso-no-1\/","title":{"rendered":"Depresi\u00f3n tropical No. 1 Aviso No. 1"},"content":{"rendered":"<p>Aviso de Cicl\u00f3n Tropical.<br \/>\nCentro de Pron\u00f3sticos, INSMET.<br \/>\nFecha: 28 de mayo de 2008. Hora: 11: 00 a.m.<\/p>\n<p>AVISO DE CICLON TROPICAL No. 1<br \/>\nDEPRESI\u00d3N TROPICAL No. 1.<\/p>\n<p>Se forma la primera depresi\u00f3n tropical<\/p>\n<p>Las secuencias de im\u00e1genes de sat\u00e9lite de la ma\u00f1ana muestran que el \u00e1rea de<br \/>\nbajas presiones en el Atl\u00e1ntico Norte, en los mares al este de Cabo<br \/>\nHatteras, se ha convertido en la primera depresi\u00f3n tropical.<\/p>\n<p>A las once de la ma\u00f1ana ten\u00eda su regi\u00f3n central en los 37.3 grados de<br \/>\nlatitud norte y los 71.0 grados de longitud oeste, a unos 500 kil\u00f3metros al<br \/>\nsur de Providencia, Rhode Island, en la costa oriental de los Estados Unidos<br \/>\ny a unos 1020 kil\u00f3metros al suroeste de Halifax, Nueva Escocia, Canad\u00e1.<\/p>\n<p>Esta depresi\u00f3n tropical tiene vientos m\u00e1ximos sostenidos de 55 kil\u00f3metros<br \/>\npor hora, con rachas superiores, su presi\u00f3n central es de 1007 hectoPascal y<br \/>\nse mueve con rumbo pr\u00f3ximo al nordeste a raz\u00f3n de 28 kil\u00f3metros por hora.<\/p>\n<p>Se pronostica que en las pr\u00f3ximas 12 a 24 horas, esta depresi\u00f3n mantendr\u00e1<br \/>\nigual rumbo y velocidad de traslaci\u00f3n con poco cambio en organizaci\u00f3n e<br \/>\nintensidad.<\/p>\n<p>El pr\u00f3ximo aviso de cicl\u00f3n tropical se emitir\u00e1 a las seis de la tarde de<br \/>\nhoy.<\/p>\n<p>M. A. Hern\u00e1ndez\/J. Palacios\/G. Est\u00e9vez<\/p>\n","protected":false},"excerpt":{"rendered":"<p>Aviso de Cicl\u00f3n Tropical. Centro de Pron\u00f3sticos, INSMET. Fecha: 28 de mayo de 2008. Hora: 11: 00 a.m. AVISO DE CICLON TROPICAL No. 1 DEPRESI\u00d3N TROPICAL No. 1. Se forma la primera depresi\u00f3n tropical Las secuencias de im\u00e1genes de sat\u00e9lite de la ma\u00f1ana muestran que el \u00e1rea de bajas presiones en el Atl\u00e1ntico Norte, en [&hellip;]<\/p>\n","protected":false},"author":169,"featured_media":0,"comment_status":"closed","ping_status":"open","sticky":false,"template":"","format":"standard","meta":[],"categories":[35,89,6],"tags":[],"_links":{"self":[{"href":"https:\/\/blogs.sld.cu\/behique\/wp-json\/wp\/v2\/posts\/219"}],"collection":[{"href":"https:\/\/blogs.sld.cu\/behique\/wp-json\/wp\/v2\/posts"}],"about":[{"href":"https:\/\/blogs.sld.cu\/behique\/wp-json\/wp\/v2\/types\/post"}],"author":[{"embeddable":true,"href":"https:\/\/blogs.sld.cu\/behique\/wp-json\/wp\/v2\/users\/169"}],"replies":[{"embeddable":true,"href":"https:\/\/blogs.sld.cu\/behique\/wp-json\/wp\/v2\/comments?post=219"}],"version-history":[{"count":0,"href":"https:\/\/blogs.sld.cu\/behique\/wp-json\/wp\/v2\/posts\/219\/revisions"}],"wp:attachment":[{"href":"https:\/\/blogs.sld.cu\/behique\/wp-json\/wp\/v2\/media?parent=219"}],"wp:term":[{"taxonomy":"category","embeddable":true,"href":"https:\/\/blogs.sld.cu\/behique\/wp-json\/wp\/v2\/categories?post=219"},{"taxonomy":"post_tag","embeddable":true,"href":"https:\/\/blogs.sld.cu\/behique\/wp-json\/wp\/v2\/tags?post=219"}],"curies":[{"name":"wp","href":"https:\/\/api.w.org\/{rel}","templated":true}]}}