{"id":230,"date":"2009-08-15T10:06:00","date_gmt":"2009-08-15T14:06:00","guid":{"rendered":"http:\/\/blogviejo.sld.cu\/avisosciclon\/?p=230"},"modified":"2009-08-15T10:06:00","modified_gmt":"2009-08-15T14:06:00","slug":"depresion-tropical-no-2-aviso-no-3","status":"publish","type":"post","link":"https:\/\/blogs.sld.cu\/behique\/2009\/08\/15\/depresion-tropical-no-2-aviso-no-3\/","title":{"rendered":"Depresi\u00f3n tropical No. 2 Aviso No. 3"},"content":{"rendered":"<p>Aviso de Cicl\u00f3n Tropical<br \/>\nCentro de Pron\u00f3sticos, INSMET.<br \/>\nFecha: 12 de agosto de 2009 Hora: 6:00 p.m.<\/p>\n<p>AVISO DE CICL\u00d3N TROPICAL No. 3<\/p>\n<p>DEPRESI\u00d3N TROPICAL No. 2<\/p>\n<p>Depresion tropical pr\u00f3xima a convertirse en tormenta tropical<\/p>\n<p>A las seis de la tarde de hoy, la regi\u00f3n central de la depresi\u00f3n tropical n\u00famero dos se estim\u00f3 en los 14,3 grados de latitud norte y 35,2 grados de longitud oeste, posici\u00f3n que la sit\u00faa a unos 1340 kil\u00f3metros al oeste de las islas de Cabo Verde.<\/p>\n<p>La depresi\u00f3n tropical se est\u00e1 moviendo al oeste a unos 23 kil\u00f3metros por hora y se espera que contin\u00fae con similar rumbo y velocidad de traslaci\u00f3n durante las pr\u00f3ximas 24 horas.<\/p>\n<p>Sus vientos m\u00e1ximos sostenidos se han incrementado y ahora son de 55 kil\u00f3metros por hora con rachas superiores y su presi\u00f3n m\u00ednima central se mantiene en 1006 hPa.<\/p>\n<p>Se pronostica que en las pr\u00f3ximas 24 a 48 horas ganar\u00e1 en organizaci\u00f3n e intensidad pudiendo convertirse en tormenta tropical.<\/p>\n<p>Esta depresi\u00f3n tropical se encuentra alejada en el Atl\u00e1ntico Tropical, siendo de mayor inter\u00e9s para la navegaci\u00f3n.<\/p>\n<p>El pr\u00f3ximo aviso de cicl\u00f3n tropical se emitir\u00e1\u00a0 ma\u00f1ana jueves a las 6 de la tarde.<\/p>\n<p>A. Mengana\/J. Palacios<\/p>\n","protected":false},"excerpt":{"rendered":"<p>Aviso de Cicl\u00f3n Tropical Centro de Pron\u00f3sticos, INSMET. Fecha: 12 de agosto de 2009 Hora: 6:00 p.m. AVISO DE CICL\u00d3N TROPICAL No. 3 DEPRESI\u00d3N TROPICAL No. 2 Depresion tropical pr\u00f3xima a convertirse en tormenta tropical A las seis de la tarde de hoy, la regi\u00f3n central de la depresi\u00f3n tropical n\u00famero dos se estim\u00f3 en [&hellip;]<\/p>\n","protected":false},"author":169,"featured_media":0,"comment_status":"closed","ping_status":"open","sticky":false,"template":"","format":"standard","meta":[],"categories":[13,95,6],"tags":[],"_links":{"self":[{"href":"https:\/\/blogs.sld.cu\/behique\/wp-json\/wp\/v2\/posts\/230"}],"collection":[{"href":"https:\/\/blogs.sld.cu\/behique\/wp-json\/wp\/v2\/posts"}],"about":[{"href":"https:\/\/blogs.sld.cu\/behique\/wp-json\/wp\/v2\/types\/post"}],"author":[{"embeddable":true,"href":"https:\/\/blogs.sld.cu\/behique\/wp-json\/wp\/v2\/users\/169"}],"replies":[{"embeddable":true,"href":"https:\/\/blogs.sld.cu\/behique\/wp-json\/wp\/v2\/comments?post=230"}],"version-history":[{"count":0,"href":"https:\/\/blogs.sld.cu\/behique\/wp-json\/wp\/v2\/posts\/230\/revisions"}],"wp:attachment":[{"href":"https:\/\/blogs.sld.cu\/behique\/wp-json\/wp\/v2\/media?parent=230"}],"wp:term":[{"taxonomy":"category","embeddable":true,"href":"https:\/\/blogs.sld.cu\/behique\/wp-json\/wp\/v2\/categories?post=230"},{"taxonomy":"post_tag","embeddable":true,"href":"https:\/\/blogs.sld.cu\/behique\/wp-json\/wp\/v2\/tags?post=230"}],"curies":[{"name":"wp","href":"https:\/\/api.w.org\/{rel}","templated":true}]}}