{"id":241,"date":"2009-08-17T08:53:38","date_gmt":"2009-08-17T12:53:38","guid":{"rendered":"http:\/\/blogviejo.sld.cu\/avisosciclon\/?p=241"},"modified":"2009-08-17T08:53:38","modified_gmt":"2009-08-17T12:53:38","slug":"tormenta-tropical-ana-aviso-no-7","status":"publish","type":"post","link":"https:\/\/blogs.sld.cu\/behique\/2009\/08\/17\/tormenta-tropical-ana-aviso-no-7\/","title":{"rendered":"Tormenta tropical Ana Aviso No. 7"},"content":{"rendered":"<p>Aviso de Cicl\u00f3n Tropical<br \/>\nCentro de Pron\u00f3sticos, INSMET.<br \/>\nFecha: 15 de agosto de 2009. Hora: 6:00 p.m.<\/p>\n<p>AVISO DE CICL\u00d3N TROPICAL No. 7<\/p>\n<p>TORMENTA TROPICAL ANA<\/p>\n<p>Ana contin\u00faa movi\u00e9ndose hacia el oeste<\/p>\n<p>A las 6 de la tarde de hoy, el centro de la tormenta tropical Ana se estim\u00f3 en los 14,4 grados de latitud norte y los 50,3 grados de longitud oeste, posici\u00f3n que la sit\u00faa a unos 1150 kil\u00f3metros al este de Santa Luc\u00eda y a 1000 kil\u00f3metros al este de Barbados.<\/p>\n<p>Ana contin\u00faa moviendo r\u00e1pidamente hacia el oeste a unos 28 kil\u00f3metros por hora y se espera que gradualmente gire m\u00e1s su movimiento hacia el oestenoroeste con poco cambio en su velocidad de traslaci\u00f3n.<\/p>\n<p>Sus vientos m\u00e1ximos sostenidos se mantienen en 65 kil\u00f3metros por hora con rachas superiores y su presi\u00f3n m\u00ednima central es de 1005 hPa.<\/p>\n<p>Se pronostica que en las pr\u00f3ximas 24 a 48 horas debe continuar un lento proceso de intensificaci\u00f3n.<\/p>\n<p>El pr\u00f3ximo aviso de cicl\u00f3n tropical sobre este sistema se emitir\u00e1 a las 6 de la tarde de ma\u00f1ana domingo.<\/p>\n<p>J. Gonz\u00e1lez\/G. Acosta<\/p>\n","protected":false},"excerpt":{"rendered":"<p>Aviso de Cicl\u00f3n Tropical Centro de Pron\u00f3sticos, INSMET. Fecha: 15 de agosto de 2009. Hora: 6:00 p.m. AVISO DE CICL\u00d3N TROPICAL No. 7 TORMENTA TROPICAL ANA Ana contin\u00faa movi\u00e9ndose hacia el oeste A las 6 de la tarde de hoy, el centro de la tormenta tropical Ana se estim\u00f3 en los 14,4 grados de latitud [&hellip;]<\/p>\n","protected":false},"author":169,"featured_media":0,"comment_status":"closed","ping_status":"open","sticky":false,"template":"","format":"standard","meta":[],"categories":[13,95,6],"tags":[],"_links":{"self":[{"href":"https:\/\/blogs.sld.cu\/behique\/wp-json\/wp\/v2\/posts\/241"}],"collection":[{"href":"https:\/\/blogs.sld.cu\/behique\/wp-json\/wp\/v2\/posts"}],"about":[{"href":"https:\/\/blogs.sld.cu\/behique\/wp-json\/wp\/v2\/types\/post"}],"author":[{"embeddable":true,"href":"https:\/\/blogs.sld.cu\/behique\/wp-json\/wp\/v2\/users\/169"}],"replies":[{"embeddable":true,"href":"https:\/\/blogs.sld.cu\/behique\/wp-json\/wp\/v2\/comments?post=241"}],"version-history":[{"count":0,"href":"https:\/\/blogs.sld.cu\/behique\/wp-json\/wp\/v2\/posts\/241\/revisions"}],"wp:attachment":[{"href":"https:\/\/blogs.sld.cu\/behique\/wp-json\/wp\/v2\/media?parent=241"}],"wp:term":[{"taxonomy":"category","embeddable":true,"href":"https:\/\/blogs.sld.cu\/behique\/wp-json\/wp\/v2\/categories?post=241"},{"taxonomy":"post_tag","embeddable":true,"href":"https:\/\/blogs.sld.cu\/behique\/wp-json\/wp\/v2\/tags?post=241"}],"curies":[{"name":"wp","href":"https:\/\/api.w.org\/{rel}","templated":true}]}}