{"id":264,"date":"2009-08-17T19:51:12","date_gmt":"2009-08-17T23:51:12","guid":{"rendered":"http:\/\/blogviejo.sld.cu\/avisosciclon\/?p=264"},"modified":"2009-08-17T19:51:12","modified_gmt":"2009-08-17T23:51:12","slug":"depresion-tropical-ana-aviso-no-10","status":"publish","type":"post","link":"https:\/\/blogs.sld.cu\/behique\/2009\/08\/17\/depresion-tropical-ana-aviso-no-10\/","title":{"rendered":"Depresi\u00f3n tropical Ana Aviso No. 10"},"content":{"rendered":"<p>Aviso de Cicl\u00f3n Tropical.<br \/>\nCentro de Pron\u00f3sticos, INSMET.<br \/>\nFecha: 17 de agosto de 2009 Hora: 6:00 p.m.<\/p>\n<p>AVISO DE CICL\u00d3N TROPICAL No. 10<\/p>\n<p>DEPRESION TROPICAL ANA<\/p>\n<p>Ana pierde circulaci\u00f3n y se disipa sobre el Mar Caribe oriental<\/p>\n<p>A las 6 de la tarde de hoy la regi\u00f3n central de esta depresi\u00f3n tropical se estim\u00f3 en los 17,6 grados de latitud norte y los 68,4 grados de longitud oeste, posici\u00f3n que la sit\u00faa a unos 270 kil\u00f3metros al oestesuroeste de San Juan, Puerto Rico y a 182 kil\u00f3metros al estesudeste de Santo Domingo.<\/p>\n<p>Ana se desplaza hacia el oestenoroeste a unos 39 kil\u00f3metros por hora. Se pronostica que contin\u00fae con igual rumbo, disminuyendo su velocidad de traslaci\u00f3n.<\/p>\n<p>Sus vientos m\u00e1ximos sostenidos son de 55 kil\u00f3metros por hora con rachas superiores y su presi\u00f3n m\u00ednima ha ascendido hasta 1011 hPa.<\/p>\n<p>Se pronostica que en las pr\u00f3ximas horas este sistema continuar\u00e1 perdiendo intensidad y se desorganizar\u00e1 aun m\u00e1s para su definitiva disipaci\u00f3n, provocando amplias \u00e1reas de nublados y lluvias sobre la Puerto Rico, Rep\u00fablica Dominica, Hait\u00ed, as\u00ed como la regi\u00f3n oriental de Cuba. Este sistema posee muy pocas posibilidades de regenerarse.<\/p>\n<p>Este ser\u00e1 el \u00faltimo aviso que se emitir\u00e1 sobre este sistema tropical.<\/p>\n<p>A. S\u00e1nchez\/Y. Mart\u00ednez<\/p>\n","protected":false},"excerpt":{"rendered":"<p>Aviso de Cicl\u00f3n Tropical. Centro de Pron\u00f3sticos, INSMET. Fecha: 17 de agosto de 2009 Hora: 6:00 p.m. AVISO DE CICL\u00d3N TROPICAL No. 10 DEPRESION TROPICAL ANA Ana pierde circulaci\u00f3n y se disipa sobre el Mar Caribe oriental A las 6 de la tarde de hoy la regi\u00f3n central de esta depresi\u00f3n tropical se estim\u00f3 en [&hellip;]<\/p>\n","protected":false},"author":169,"featured_media":0,"comment_status":"closed","ping_status":"open","sticky":false,"template":"","format":"standard","meta":[],"categories":[13,95,6],"tags":[],"_links":{"self":[{"href":"https:\/\/blogs.sld.cu\/behique\/wp-json\/wp\/v2\/posts\/264"}],"collection":[{"href":"https:\/\/blogs.sld.cu\/behique\/wp-json\/wp\/v2\/posts"}],"about":[{"href":"https:\/\/blogs.sld.cu\/behique\/wp-json\/wp\/v2\/types\/post"}],"author":[{"embeddable":true,"href":"https:\/\/blogs.sld.cu\/behique\/wp-json\/wp\/v2\/users\/169"}],"replies":[{"embeddable":true,"href":"https:\/\/blogs.sld.cu\/behique\/wp-json\/wp\/v2\/comments?post=264"}],"version-history":[{"count":0,"href":"https:\/\/blogs.sld.cu\/behique\/wp-json\/wp\/v2\/posts\/264\/revisions"}],"wp:attachment":[{"href":"https:\/\/blogs.sld.cu\/behique\/wp-json\/wp\/v2\/media?parent=264"}],"wp:term":[{"taxonomy":"category","embeddable":true,"href":"https:\/\/blogs.sld.cu\/behique\/wp-json\/wp\/v2\/categories?post=264"},{"taxonomy":"post_tag","embeddable":true,"href":"https:\/\/blogs.sld.cu\/behique\/wp-json\/wp\/v2\/tags?post=264"}],"curies":[{"name":"wp","href":"https:\/\/api.w.org\/{rel}","templated":true}]}}