{"id":313,"date":"2009-09-07T19:25:53","date_gmt":"2009-09-07T23:25:53","guid":{"rendered":"http:\/\/blogviejo.sld.cu\/avisosciclon\/?p=313"},"modified":"2009-09-07T19:25:53","modified_gmt":"2009-09-07T23:25:53","slug":"depresion-tropical-no-7-aviso-no-1","status":"publish","type":"post","link":"https:\/\/blogs.sld.cu\/behique\/2009\/09\/07\/depresion-tropical-no-7-aviso-no-1\/","title":{"rendered":"Depresi\u00f3n tropical No. 7 Aviso No. 1"},"content":{"rendered":"<p>Aviso de Cicl\u00f3n Tropical<br \/>\nCentro de Pron\u00f3sticos, INSMET.<br \/>\nFecha: 7 de septiembre de 2009. Hora: 6:00 p.m.<\/p>\n<p>AVISO DE CICL\u00d3N TROPICAL No. 1<\/p>\n<p>DEPRESION TROPICAL No. 7<\/p>\n<p>Se forma la s\u00e9ptima depresi\u00f3n tropical&#8230;<\/p>\n<p>En la extensa \u00e1rea de bajas presiones que se localiz\u00f3 durante la ma\u00f1ana de hoy, aproximadamente a unos 370 kil\u00f3metros al sursudeste de las Islas de Cabo Verde, se form\u00f3 la s\u00e9ptima depresi\u00f3n tropical de la actual temporada cicl\u00f3nica.<\/p>\n<p>A las seis de la tarde su centro se estim\u00f3 en los 12,5 grados de latitud norte y los 24,7 grados de longitud oeste, posici\u00f3n que la sit\u00faa a unos 500 kil\u00f3metros al sursuroeste de las islas de Cabo Verde.<\/p>\n<p>Esta depresi\u00f3n tropical tiene vientos m\u00e1ximos sostenidos de 55 kil\u00f3metros por hora con rachas superiores, su presi\u00f3n central es de 1005 hPa y se est\u00e1 moviendo hacia el oeste a unos 26 kil\u00f3metros por hora.<\/p>\n<p>Se pronostica para las pr\u00f3ximas 12 a 24 horas un giro en su trayectoria hacia el oestenoroeste y una ligera disminuci\u00f3n en su velocidad de traslaci\u00f3n, para ganar en intensidad hasta convertirse en una tormenta tropical.<\/p>\n<p>El pr\u00f3ximo aviso de cicl\u00f3n tropical sobre este sistema se emitir\u00e1 a las seis de la tarde de ma\u00f1ana martes.<\/p>\n<p>A. Mengana\/A. Espinosa<\/p>\n","protected":false},"excerpt":{"rendered":"<p>Aviso de Cicl\u00f3n Tropical Centro de Pron\u00f3sticos, INSMET. Fecha: 7 de septiembre de 2009. Hora: 6:00 p.m. AVISO DE CICL\u00d3N TROPICAL No. 1 DEPRESION TROPICAL No. 7 Se forma la s\u00e9ptima depresi\u00f3n tropical&#8230; En la extensa \u00e1rea de bajas presiones que se localiz\u00f3 durante la ma\u00f1ana de hoy, aproximadamente a unos 370 kil\u00f3metros al sursudeste [&hellip;]<\/p>\n","protected":false},"author":169,"featured_media":0,"comment_status":"closed","ping_status":"open","sticky":false,"template":"","format":"standard","meta":[],"categories":[64,115,6],"tags":[],"_links":{"self":[{"href":"https:\/\/blogs.sld.cu\/behique\/wp-json\/wp\/v2\/posts\/313"}],"collection":[{"href":"https:\/\/blogs.sld.cu\/behique\/wp-json\/wp\/v2\/posts"}],"about":[{"href":"https:\/\/blogs.sld.cu\/behique\/wp-json\/wp\/v2\/types\/post"}],"author":[{"embeddable":true,"href":"https:\/\/blogs.sld.cu\/behique\/wp-json\/wp\/v2\/users\/169"}],"replies":[{"embeddable":true,"href":"https:\/\/blogs.sld.cu\/behique\/wp-json\/wp\/v2\/comments?post=313"}],"version-history":[{"count":0,"href":"https:\/\/blogs.sld.cu\/behique\/wp-json\/wp\/v2\/posts\/313\/revisions"}],"wp:attachment":[{"href":"https:\/\/blogs.sld.cu\/behique\/wp-json\/wp\/v2\/media?parent=313"}],"wp:term":[{"taxonomy":"category","embeddable":true,"href":"https:\/\/blogs.sld.cu\/behique\/wp-json\/wp\/v2\/categories?post=313"},{"taxonomy":"post_tag","embeddable":true,"href":"https:\/\/blogs.sld.cu\/behique\/wp-json\/wp\/v2\/tags?post=313"}],"curies":[{"name":"wp","href":"https:\/\/api.w.org\/{rel}","templated":true}]}}