{"id":341,"date":"2009-09-11T18:00:03","date_gmt":"2009-09-11T22:00:03","guid":{"rendered":"http:\/\/blogviejo.sld.cu\/avisosciclon\/?p=341"},"modified":"2009-09-11T18:00:03","modified_gmt":"2009-09-11T22:00:03","slug":"tormenta-tropical-fred-aviso-no-8","status":"publish","type":"post","link":"https:\/\/blogs.sld.cu\/behique\/2009\/09\/11\/tormenta-tropical-fred-aviso-no-8\/","title":{"rendered":"Tormenta tropical Fred Aviso No. 8"},"content":{"rendered":"<p>Aviso de Cicl\u00f3n Tropical.<br \/>\nCentro de Pron\u00f3sticos, INSMET.<br \/>\nFecha: 11 de septiembre de 2009. Hora: 06:00 p.m.<\/p>\n<p>AVISO DE CICL\u00d3N TROPICAL No. 8<\/p>\n<p>TORMENTA TROPICAL FRED<\/p>\n<p>Fred vuelve a ser una tormenta tropical<\/p>\n<p>Durante la tarde de hoy el hurac\u00e1n Fred se ha debilitado en aguas abiertas del Atl\u00e1ntico lejano hasta convertirse nuevamente en una tormenta tropical.<\/p>\n<p>A las seis de la tarde el centro de la tormenta tropical Fred se estim\u00f3 en los 18,1 grados de latitud norte y los 34,6 grados de longitud oeste, posici\u00f3n que la sit\u00faa a unos 1150 kil\u00f3metros al oestenoroeste de las islas de Cabo Verde.<\/p>\n<p>Sus vientos m\u00e1ximos sostenidos han descendido hasta 110 kil\u00f3metros por hora con rachas superiores y su presi\u00f3n m\u00ednima central es de 987 hectopascal. Se mueve lentamente con un rumbo nordeste a unos 4 kil\u00f3metros por hora.<\/p>\n<p>Se pronostica que en las pr\u00f3ximas 12 a 24 horas se mantenga con igual rumbo y velocidad de traslaci\u00f3n, con posibilidades de continuar debilit\u00e1ndose.<\/p>\n<p>El pr\u00f3ximo aviso de cicl\u00f3n tropical sobre este sistema se emitir\u00e1 a las seis de la tarde de ma\u00f1ana s\u00e1bado.<\/p>\n<p>A. Mengana<\/p>\n","protected":false},"excerpt":{"rendered":"<p>Aviso de Cicl\u00f3n Tropical. Centro de Pron\u00f3sticos, INSMET. Fecha: 11 de septiembre de 2009. Hora: 06:00 p.m. AVISO DE CICL\u00d3N TROPICAL No. 8 TORMENTA TROPICAL FRED Fred vuelve a ser una tormenta tropical Durante la tarde de hoy el hurac\u00e1n Fred se ha debilitado en aguas abiertas del Atl\u00e1ntico lejano hasta convertirse nuevamente en una [&hellip;]<\/p>\n","protected":false},"author":169,"featured_media":0,"comment_status":"closed","ping_status":"open","sticky":false,"template":"","format":"standard","meta":[],"categories":[64,115,6],"tags":[],"_links":{"self":[{"href":"https:\/\/blogs.sld.cu\/behique\/wp-json\/wp\/v2\/posts\/341"}],"collection":[{"href":"https:\/\/blogs.sld.cu\/behique\/wp-json\/wp\/v2\/posts"}],"about":[{"href":"https:\/\/blogs.sld.cu\/behique\/wp-json\/wp\/v2\/types\/post"}],"author":[{"embeddable":true,"href":"https:\/\/blogs.sld.cu\/behique\/wp-json\/wp\/v2\/users\/169"}],"replies":[{"embeddable":true,"href":"https:\/\/blogs.sld.cu\/behique\/wp-json\/wp\/v2\/comments?post=341"}],"version-history":[{"count":0,"href":"https:\/\/blogs.sld.cu\/behique\/wp-json\/wp\/v2\/posts\/341\/revisions"}],"wp:attachment":[{"href":"https:\/\/blogs.sld.cu\/behique\/wp-json\/wp\/v2\/media?parent=341"}],"wp:term":[{"taxonomy":"category","embeddable":true,"href":"https:\/\/blogs.sld.cu\/behique\/wp-json\/wp\/v2\/categories?post=341"},{"taxonomy":"post_tag","embeddable":true,"href":"https:\/\/blogs.sld.cu\/behique\/wp-json\/wp\/v2\/tags?post=341"}],"curies":[{"name":"wp","href":"https:\/\/api.w.org\/{rel}","templated":true}]}}