{"id":347,"date":"2009-09-26T19:57:09","date_gmt":"2009-09-26T23:57:09","guid":{"rendered":"http:\/\/blogviejo.sld.cu\/avisosciclon\/?p=347"},"modified":"2009-09-26T19:57:09","modified_gmt":"2009-09-26T23:57:09","slug":"depresion-tropical-no-8-aviso-no-1-2","status":"publish","type":"post","link":"https:\/\/blogs.sld.cu\/behique\/2009\/09\/26\/depresion-tropical-no-8-aviso-no-1-2\/","title":{"rendered":"Depresi\u00f3n tropical No. 8 Aviso No. 1"},"content":{"rendered":"<p>Aviso de Cicl\u00f3n Tropical<br \/>\nCentro de Pron\u00f3sticos, INSMET.<br \/>\nFecha: 25 de septiembre de 2008. Hora: 5:00 p.m.<\/p>\n<p>AVISO DE CICLON TROPICAL No. 1<\/p>\n<p>DEPRESI\u00d3N TROPICAL No. 8<\/p>\n<p>Se forma la octava depresi\u00f3n tropical<\/p>\n<p>Durante esta tarde el \u00e1rea de bajas presiones que se encontraba en el Atl\u00e1ntico lejano, continu\u00f3 ganando en organizaci\u00f3n y a esta hora se ha convertido en la octava depresi\u00f3n tropical de la actual temporada cicl\u00f3nica.<\/p>\n<p>A las cinco de la tarde ten\u00eda su regi\u00f3n central en los 16.4 grados latitud Norte y 31.6 grados de longitud oeste, a unos 815 kil\u00f3metros al oeste de las Islas de Cabo Verde.<\/p>\n<p>Esta depresi\u00f3n tropical tiene vientos m\u00e1ximos sostenidos de 55 kil\u00f3metros por hora, con rachas superiores, su presi\u00f3n central es de 1008 hectoPascal y se desplaza al noroeste a raz\u00f3n de 22 kil\u00f3metros por hora.<\/p>\n<p>Se pronostica que en las pr\u00f3ximas 12 a 24 horas, esta depresi\u00f3n mantendr\u00e1 igual rumbo y velocidad de traslaci\u00f3n, ganando en organizaci\u00f3n e intensidad.<\/p>\n<p>El pr\u00f3ximo aviso de cicl\u00f3n tropical se emitir\u00e1 a las seis de la tarde de ma\u00f1ana s\u00e1bado.<\/p>\n<p>M. A. Hern\u00e1ndez\/Y. Berm\u00fadez<\/p>\n","protected":false},"excerpt":{"rendered":"<p>Aviso de Cicl\u00f3n Tropical Centro de Pron\u00f3sticos, INSMET. Fecha: 25 de septiembre de 2008. Hora: 5:00 p.m. AVISO DE CICLON TROPICAL No. 1 DEPRESI\u00d3N TROPICAL No. 8 Se forma la octava depresi\u00f3n tropical Durante esta tarde el \u00e1rea de bajas presiones que se encontraba en el Atl\u00e1ntico lejano, continu\u00f3 ganando en organizaci\u00f3n y a esta [&hellip;]<\/p>\n","protected":false},"author":169,"featured_media":0,"comment_status":"closed","ping_status":"open","sticky":false,"template":"","format":"standard","meta":[],"categories":[33,172,6],"tags":[],"_links":{"self":[{"href":"https:\/\/blogs.sld.cu\/behique\/wp-json\/wp\/v2\/posts\/347"}],"collection":[{"href":"https:\/\/blogs.sld.cu\/behique\/wp-json\/wp\/v2\/posts"}],"about":[{"href":"https:\/\/blogs.sld.cu\/behique\/wp-json\/wp\/v2\/types\/post"}],"author":[{"embeddable":true,"href":"https:\/\/blogs.sld.cu\/behique\/wp-json\/wp\/v2\/users\/169"}],"replies":[{"embeddable":true,"href":"https:\/\/blogs.sld.cu\/behique\/wp-json\/wp\/v2\/comments?post=347"}],"version-history":[{"count":0,"href":"https:\/\/blogs.sld.cu\/behique\/wp-json\/wp\/v2\/posts\/347\/revisions"}],"wp:attachment":[{"href":"https:\/\/blogs.sld.cu\/behique\/wp-json\/wp\/v2\/media?parent=347"}],"wp:term":[{"taxonomy":"category","embeddable":true,"href":"https:\/\/blogs.sld.cu\/behique\/wp-json\/wp\/v2\/categories?post=347"},{"taxonomy":"post_tag","embeddable":true,"href":"https:\/\/blogs.sld.cu\/behique\/wp-json\/wp\/v2\/tags?post=347"}],"curies":[{"name":"wp","href":"https:\/\/api.w.org\/{rel}","templated":true}]}}