{"id":41,"date":"2008-08-15T17:37:22","date_gmt":"2008-08-15T21:37:22","guid":{"rendered":"http:\/\/blogviejo.sld.cu\/avisosciclon\/2008\/08\/15\/tormenta-tropical-fay-aviso-no-1\/"},"modified":"2008-08-15T17:37:22","modified_gmt":"2008-08-15T21:37:22","slug":"tormenta-tropical-fay-aviso-no-1","status":"publish","type":"post","link":"https:\/\/blogs.sld.cu\/behique\/2008\/08\/15\/tormenta-tropical-fay-aviso-no-1\/","title":{"rendered":"Tormenta tropical Fay Aviso No. 1"},"content":{"rendered":"<p>Aviso de Cicl\u00f3n Tropical.<br \/>\nCentro de Pron\u00f3sticos, INSMET.<br \/>\nFecha: 15 de agosto de 2008. Hora: 6:00 p.m.<br \/>\n\u00a0<br \/>\nAVISO DE CICL\u00d3N TROPICAL No. 1<\/p>\n<p>TORMENTA TROPICAL FAY<\/p>\n<p>Se forma la tormenta tropical Fay<\/p>\n<p>En el seno de la fuerte onda tropical se desarroll\u00f3 un centro de bajas presiones, que durante la tarde de hoy continu\u00f3 ganando en organizaci\u00f3n e intensidad y se convirti\u00f3 en la sexta tormenta tropical de la actual temporada cicl\u00f3nica del 2008, nombrada Fay.<\/p>\n<p>A las seis de la tarde de hoy viernes el centro de la tormenta tropical Fay fue estimado en los 18.5 grados de latitud norte y los 69.6 grados de longitud oeste, posici\u00f3n que la sit\u00faa a unos 35 kil\u00f3metros al estenordeste de Santo Domingo, Rep\u00fablica Dominicana y a unos 610 kil\u00f3metros al estesudeste de Guant\u00e1namo, Cuba.<\/p>\n<p>Fay tiene vientos m\u00e1ximos sostenidos de 65 kil\u00f3metros por hora, con rachas superiores, y su presi\u00f3n central es de 1008 hPa. Se mueve en un rumbo pr\u00f3ximo al oeste a unos 22 kil\u00f3metros por hora. Se pronostica que en las pr\u00f3ximas 12 a 24 horas continuar\u00e1 movi\u00e9ndose entre el oeste y el oestenoroeste, con poco cambio en su velocidad de traslaci\u00f3n.<\/p>\n<p>Lo m\u00e1s importante para nuestro pa\u00eds por el momento, son los chubascos, lluvias y tormentas el\u00e9ctricas asociadas a la tormenta tropical, que comenzar\u00e1n afectar a la regi\u00f3n oriental desde la ma\u00f1ana del s\u00e1bado. Las lluvias pudieran llegar a ser intensas en algunas localidades de las provincias orientales, especialmente en las zonas monta\u00f1osas con acumulados superiores a los 100 mil\u00edmetros en 24 horas.<\/p>\n<p>Tambi\u00e9n pudieran registrarse vientos algo fuertes en la costa norte desde Guant\u00e1namo hasta Las Tunas, con velocidades entre 35 y 60 kil\u00f3metros por hora y algunas rachas superiores, as\u00ed como marejadas con peligro para las embarcaciones menores en dicha costa.<\/p>\n<p>Las provincias orientales deben mantenerse informadas sobre la evoluci\u00f3n y desarrollo de este organismo tropical, as\u00ed como el resto del pa\u00eds el fin de semana.<\/p>\n<p>El pr\u00f3ximo aviso de cicl\u00f3n tropical se emitir\u00e1 a la medianoche del s\u00e1bado.<\/p>\n<p>J. Rubiera\/L. Quintero<\/p>\n","protected":false},"excerpt":{"rendered":"<p>Aviso de Cicl\u00f3n Tropical. Centro de Pron\u00f3sticos, INSMET. Fecha: 15 de agosto de 2008. Hora: 6:00 p.m. \u00a0 AVISO DE CICL\u00d3N TROPICAL No. 1 TORMENTA TROPICAL FAY Se forma la tormenta tropical Fay En el seno de la fuerte onda tropical se desarroll\u00f3 un centro de bajas presiones, que durante la tarde de hoy continu\u00f3 [&hellip;]<\/p>\n","protected":false},"author":169,"featured_media":0,"comment_status":"closed","ping_status":"open","sticky":false,"template":"","format":"standard","meta":[],"categories":[60,110,5],"tags":[],"_links":{"self":[{"href":"https:\/\/blogs.sld.cu\/behique\/wp-json\/wp\/v2\/posts\/41"}],"collection":[{"href":"https:\/\/blogs.sld.cu\/behique\/wp-json\/wp\/v2\/posts"}],"about":[{"href":"https:\/\/blogs.sld.cu\/behique\/wp-json\/wp\/v2\/types\/post"}],"author":[{"embeddable":true,"href":"https:\/\/blogs.sld.cu\/behique\/wp-json\/wp\/v2\/users\/169"}],"replies":[{"embeddable":true,"href":"https:\/\/blogs.sld.cu\/behique\/wp-json\/wp\/v2\/comments?post=41"}],"version-history":[{"count":0,"href":"https:\/\/blogs.sld.cu\/behique\/wp-json\/wp\/v2\/posts\/41\/revisions"}],"wp:attachment":[{"href":"https:\/\/blogs.sld.cu\/behique\/wp-json\/wp\/v2\/media?parent=41"}],"wp:term":[{"taxonomy":"category","embeddable":true,"href":"https:\/\/blogs.sld.cu\/behique\/wp-json\/wp\/v2\/categories?post=41"},{"taxonomy":"post_tag","embeddable":true,"href":"https:\/\/blogs.sld.cu\/behique\/wp-json\/wp\/v2\/tags?post=41"}],"curies":[{"name":"wp","href":"https:\/\/api.w.org\/{rel}","templated":true}]}}