{"id":426,"date":"2010-06-26T00:14:46","date_gmt":"2010-06-26T04:14:46","guid":{"rendered":"http:\/\/blogviejo.sld.cu\/avisosciclon\/?p=426"},"modified":"2010-06-26T00:14:46","modified_gmt":"2010-06-26T04:14:46","slug":"depresion-tropical-no-1-aviso-no-2-2","status":"publish","type":"post","link":"https:\/\/blogs.sld.cu\/behique\/2010\/06\/26\/depresion-tropical-no-1-aviso-no-2-2\/","title":{"rendered":"Depresi\u00f3n tropical No. 1 Aviso No. 2"},"content":{"rendered":"<p>Aviso de Cicl\u00f3n Tropical.<br \/>\nCentro de Pron\u00f3sticos, INSMET.<br \/>\nFecha: 26 de Junio de 2010 Hora: 12:01 AM.<\/p>\n<p>AVISO DE CICLON TROPICAL No 2.<\/p>\n<p>DEPRESION TROPICAL No. 1.<\/p>\n<p>&#8230; primera depresi\u00f3n tropical con poco cambio&#8230;<br \/>\nA la media noche la regi\u00f3n central de la depresi\u00f3n tropical se localiz\u00f3 en los 16.8 grados de latitud Norte y los 84.5 grados de longitud Oeste, posici\u00f3n que lo sit\u00faa a unos 488 kil\u00f3metros al Sursudeste de Cozumel, M\u00e9xico y a unos 445 kil\u00f3metros al Este Sudeste de Chetumal, M\u00e9xico.<\/p>\n<p>La depresi\u00f3n tropical mantiene vientos m\u00e1ximos sostenidos de 55 kil\u00f3metros por hora, con una presi\u00f3n m\u00ednima central de 1004 hPa y se desplaza con un rumbo pr\u00f3ximo al Oestenoroeste a raz\u00f3n de 15 kil\u00f3metros por hora.<\/p>\n<p>Se pronostica que en las pr\u00f3ximas 12 a 24 horas, este organismo tropical continuar\u00e1 desplaz\u00e1ndose con similar rumbo y velocidad de traslaci\u00f3n, ganando en organizaci\u00f3n e intensidad, pudiendo alcanzar la categor\u00eda de tormenta tropical antes de tocar tierra en la Pen\u00ednsula de Yucat\u00e1n.<\/p>\n<p>El pr\u00f3ximo aviso de cicl\u00f3n tropical sobre este sistema se emitir\u00e1 a las seis de la ma\u00f1ana de hoy.<\/p>\n<p>Esta depresi\u00f3n tropical no tiene inter\u00e9s para Cuba.<\/p>\n<p>M. A. Hern\u00e1ndez\u00a0 J. Palacios<\/p>\n","protected":false},"excerpt":{"rendered":"<p>Aviso de Cicl\u00f3n Tropical. Centro de Pron\u00f3sticos, INSMET. Fecha: 26 de Junio de 2010 Hora: 12:01 AM. AVISO DE CICLON TROPICAL No 2. DEPRESION TROPICAL No. 1. &#8230; primera depresi\u00f3n tropical con poco cambio&#8230; A la media noche la regi\u00f3n central de la depresi\u00f3n tropical se localiz\u00f3 en los 16.8 grados de latitud Norte y [&hellip;]<\/p>\n","protected":false},"author":169,"featured_media":0,"comment_status":"closed","ping_status":"open","sticky":false,"template":"","format":"standard","meta":[],"categories":[38,125,7],"tags":[],"_links":{"self":[{"href":"https:\/\/blogs.sld.cu\/behique\/wp-json\/wp\/v2\/posts\/426"}],"collection":[{"href":"https:\/\/blogs.sld.cu\/behique\/wp-json\/wp\/v2\/posts"}],"about":[{"href":"https:\/\/blogs.sld.cu\/behique\/wp-json\/wp\/v2\/types\/post"}],"author":[{"embeddable":true,"href":"https:\/\/blogs.sld.cu\/behique\/wp-json\/wp\/v2\/users\/169"}],"replies":[{"embeddable":true,"href":"https:\/\/blogs.sld.cu\/behique\/wp-json\/wp\/v2\/comments?post=426"}],"version-history":[{"count":0,"href":"https:\/\/blogs.sld.cu\/behique\/wp-json\/wp\/v2\/posts\/426\/revisions"}],"wp:attachment":[{"href":"https:\/\/blogs.sld.cu\/behique\/wp-json\/wp\/v2\/media?parent=426"}],"wp:term":[{"taxonomy":"category","embeddable":true,"href":"https:\/\/blogs.sld.cu\/behique\/wp-json\/wp\/v2\/categories?post=426"},{"taxonomy":"post_tag","embeddable":true,"href":"https:\/\/blogs.sld.cu\/behique\/wp-json\/wp\/v2\/tags?post=426"}],"curies":[{"name":"wp","href":"https:\/\/api.w.org\/{rel}","templated":true}]}}