{"id":524,"date":"2010-08-09T09:48:26","date_gmt":"2010-08-09T13:48:26","guid":{"rendered":"http:\/\/blogviejo.sld.cu\/avisosciclon\/?p=524"},"modified":"2010-08-09T09:48:26","modified_gmt":"2010-08-09T13:48:26","slug":"depresion-tropical-colin-aviso-no-9-ultimo","status":"publish","type":"post","link":"https:\/\/blogs.sld.cu\/behique\/2010\/08\/09\/depresion-tropical-colin-aviso-no-9-ultimo\/","title":{"rendered":"Depresi\u00f3n tropical Colin Aviso No. 9 (\u00faltimo)"},"content":{"rendered":"<p>Aviso de Cicl\u00f3n Tropical.<br \/>\nCentro de Pron\u00f3sticos, INSMET.<br \/>\nFecha: 8 de Agosto de 2010 Hora: 06:00 PM.<\/p>\n<p>AVISO DE CICLON TROPICAL No 9.<\/p>\n<p>DEPRESION TROPICAL COLIN.<\/p>\n<p>&#8230; Colin se disipa\u2026<\/p>\n<p>La tormenta tropical Colin contin\u00fao debilit\u00e1ndose sobre aguas del Atl\u00e1ntico degrad\u00e1ndose en la ma\u00f1ana a depresi\u00f3n tropical y disip\u00e1ndose durante la tarde, quedando ahora como una zona de bajas presiones.<\/p>\n<p>A las seis de la tarde ten\u00eda su regi\u00f3n central en los 33.1 grados de latitud Norte y los 65.5 grados de longitud Oeste, posici\u00f3n que la sit\u00faa a unos 105 kil\u00f3metros al Noroeste de Bermuda, en el Atl\u00e1ntico Norte.<\/p>\n<p>Los remanentes de Colin tiene vientos m\u00e1ximos sostenidos hasta 45 kil\u00f3metros por hora, con rachas superiores y su presi\u00f3n central ha ascendido a 1015 hPa, desplaz\u00e1ndose al Norte a 19 kil\u00f3metros por hora.<\/p>\n<p>Este ser\u00e1 el \u00faltimo aviso de cicl\u00f3n tropical emitido sobre este organismo tropical.<\/p>\n<p>A. S\u00e1nchez\/Y. Berm\u00fadez.<\/p>\n","protected":false},"excerpt":{"rendered":"<p>Aviso de Cicl\u00f3n Tropical. Centro de Pron\u00f3sticos, INSMET. Fecha: 8 de Agosto de 2010 Hora: 06:00 PM. AVISO DE CICLON TROPICAL No 9. DEPRESION TROPICAL COLIN. &#8230; Colin se disipa\u2026 La tormenta tropical Colin contin\u00fao debilit\u00e1ndose sobre aguas del Atl\u00e1ntico degrad\u00e1ndose en la ma\u00f1ana a depresi\u00f3n tropical y disip\u00e1ndose durante la tarde, quedando ahora como [&hellip;]<\/p>\n","protected":false},"author":169,"featured_media":0,"comment_status":"closed","ping_status":"open","sticky":false,"template":"","format":"standard","meta":[],"categories":[25,168,7],"tags":[],"_links":{"self":[{"href":"https:\/\/blogs.sld.cu\/behique\/wp-json\/wp\/v2\/posts\/524"}],"collection":[{"href":"https:\/\/blogs.sld.cu\/behique\/wp-json\/wp\/v2\/posts"}],"about":[{"href":"https:\/\/blogs.sld.cu\/behique\/wp-json\/wp\/v2\/types\/post"}],"author":[{"embeddable":true,"href":"https:\/\/blogs.sld.cu\/behique\/wp-json\/wp\/v2\/users\/169"}],"replies":[{"embeddable":true,"href":"https:\/\/blogs.sld.cu\/behique\/wp-json\/wp\/v2\/comments?post=524"}],"version-history":[{"count":0,"href":"https:\/\/blogs.sld.cu\/behique\/wp-json\/wp\/v2\/posts\/524\/revisions"}],"wp:attachment":[{"href":"https:\/\/blogs.sld.cu\/behique\/wp-json\/wp\/v2\/media?parent=524"}],"wp:term":[{"taxonomy":"category","embeddable":true,"href":"https:\/\/blogs.sld.cu\/behique\/wp-json\/wp\/v2\/categories?post=524"},{"taxonomy":"post_tag","embeddable":true,"href":"https:\/\/blogs.sld.cu\/behique\/wp-json\/wp\/v2\/tags?post=524"}],"curies":[{"name":"wp","href":"https:\/\/api.w.org\/{rel}","templated":true}]}}