{"id":552,"date":"2010-08-26T22:34:15","date_gmt":"2010-08-27T02:34:15","guid":{"rendered":"http:\/\/blogviejo.sld.cu\/avisosciclon\/?p=552"},"modified":"2010-08-26T22:34:15","modified_gmt":"2010-08-27T02:34:15","slug":"tormenta-tropical-earl-aviso-no-3","status":"publish","type":"post","link":"https:\/\/blogs.sld.cu\/behique\/2010\/08\/26\/tormenta-tropical-earl-aviso-no-3\/","title":{"rendered":"Tormenta tropical Earl Aviso No. 3"},"content":{"rendered":"<p>Del editor: Este aviso tiene error en n\u00famero (dice No. 2 y es el No. 3).<\/p>\n<p>**********************************************************************************<\/p>\n<p>Aviso de Cicl\u00f3n Tropical.<br \/>\nCentro de Pron\u00f3sticos, INSMET.<br \/>\nFecha: 26 de Agosto de 2010 Hora: 6:00 PM.<\/p>\n<p>AVISO DE CICLON TROPICAL No 2.<\/p>\n<p>TORMENTA TROPICAL EARL.<\/p>\n<p>&#8230;La Tormenta Tropical Earl con poco cambio en el Atl\u00e1ntico lejano&#8230;<\/p>\n<p>A las seis de la tarde la regi\u00f3n central de la tormenta tropical Earl fue estimada en los 15.2 grados de latitud Norte y los 39.1 grados de longitud Oeste, posici\u00f3n que la sit\u00faa a unos 2 400 kil\u00f3metros al Este de las Antillas Menores.<\/p>\n<p>Earl ha permanecido con poco cambio en las ultimas veinticuatro horas y ahora posee vientos m\u00e1ximos sostenidos de 75 kil\u00f3metros por hora, con rachas superiores y una presi\u00f3n central de 1003 hectoPascal; movi\u00e9ndose con rumbo pr\u00f3ximo al Oeste a 30 kil\u00f3metros por hora.<\/p>\n<p>Se pronostica que durante las pr\u00f3ximas 24 horas la Tormenta Tropical continuar\u00e1 ganando en organizaci\u00f3n e intensidad, desplaz\u00e1ndose con similar rumbo y velocidad de traslaci\u00f3n.<\/p>\n<p>El pr\u00f3ximo aviso de cicl\u00f3n tropical sobre este organismo tropical se emitir\u00e1 a las seis de la tarde del viernes.<\/p>\n<p>Y. Berm\u00fadez\u00a0 G. Acosta.<\/p>\n","protected":false},"excerpt":{"rendered":"<p>Del editor: Este aviso tiene error en n\u00famero (dice No. 2 y es el No. 3). ********************************************************************************** Aviso de Cicl\u00f3n Tropical. Centro de Pron\u00f3sticos, INSMET. Fecha: 26 de Agosto de 2010 Hora: 6:00 PM. AVISO DE CICLON TROPICAL No 2. TORMENTA TROPICAL EARL. &#8230;La Tormenta Tropical Earl con poco cambio en el Atl\u00e1ntico lejano&#8230; A [&hellip;]<\/p>\n","protected":false},"author":169,"featured_media":0,"comment_status":"closed","ping_status":"open","sticky":false,"template":"","format":"standard","meta":[],"categories":[55,171,7],"tags":[],"_links":{"self":[{"href":"https:\/\/blogs.sld.cu\/behique\/wp-json\/wp\/v2\/posts\/552"}],"collection":[{"href":"https:\/\/blogs.sld.cu\/behique\/wp-json\/wp\/v2\/posts"}],"about":[{"href":"https:\/\/blogs.sld.cu\/behique\/wp-json\/wp\/v2\/types\/post"}],"author":[{"embeddable":true,"href":"https:\/\/blogs.sld.cu\/behique\/wp-json\/wp\/v2\/users\/169"}],"replies":[{"embeddable":true,"href":"https:\/\/blogs.sld.cu\/behique\/wp-json\/wp\/v2\/comments?post=552"}],"version-history":[{"count":0,"href":"https:\/\/blogs.sld.cu\/behique\/wp-json\/wp\/v2\/posts\/552\/revisions"}],"wp:attachment":[{"href":"https:\/\/blogs.sld.cu\/behique\/wp-json\/wp\/v2\/media?parent=552"}],"wp:term":[{"taxonomy":"category","embeddable":true,"href":"https:\/\/blogs.sld.cu\/behique\/wp-json\/wp\/v2\/categories?post=552"},{"taxonomy":"post_tag","embeddable":true,"href":"https:\/\/blogs.sld.cu\/behique\/wp-json\/wp\/v2\/tags?post=552"}],"curies":[{"name":"wp","href":"https:\/\/api.w.org\/{rel}","templated":true}]}}