{"id":563,"date":"2010-08-28T17:59:44","date_gmt":"2010-08-28T21:59:44","guid":{"rendered":"http:\/\/blogviejo.sld.cu\/avisosciclon\/?p=563"},"modified":"2010-08-28T17:59:44","modified_gmt":"2010-08-28T21:59:44","slug":"tormenta-tropical-earl-aviso-no-5","status":"publish","type":"post","link":"https:\/\/blogs.sld.cu\/behique\/2010\/08\/28\/tormenta-tropical-earl-aviso-no-5\/","title":{"rendered":"Tormenta tropical Earl Aviso No. 5"},"content":{"rendered":"<p>Del editor: El No. correcto de este aviso es el No. 5<\/p>\n<p>*********************************************************************************<\/p>\n<p>Aviso de Cicl\u00f3n Tropical.<br \/>\nCentro de Pron\u00f3sticos, INSMET.<br \/>\nFecha: 28 de Agosto de 2010 Hora: 6:00 PM.<\/p>\n<p>AVISO DE CICLON TROPICAL No 3.<\/p>\n<p>TORMENTA TROPICAL EARL.<\/p>\n<p>&#8230;La Tormenta Tropical Earl contin\u00faa movi\u00e9ndose al Oeste&#8230;<\/p>\n<p>A las seis de la tarde de hoy la regi\u00f3n central de la tormenta tropical Earl fue estimada en los 16.6<\/p>\n<p>grados de latitud Norte y los 54.5 grados de longitud Oeste, posici\u00f3n que la sit\u00faa a unos 930 kil\u00f3metros al Este del grupo norte de las Antillas Menores.<\/p>\n<p>Earl increment\u00f3 la fuerza de sus vientos m\u00e1ximos sostenidos a 95 kil\u00f3metros por hora, con rachas superiores y su presi\u00f3n central descendi\u00f3 a 999 hectoPascal; movi\u00e9ndose con rumbo pr\u00f3ximo al Oeste a 37 kil\u00f3metros por hora.<\/p>\n<p>Se pronostica que durante las pr\u00f3ximas 24 a 48 horas continuar\u00e1 ganando en organizaci\u00f3n e intensidad pudiendo alcanzar la categor\u00eda de hurac\u00e1n ma\u00f1ana domingo, inclinando su trayectoria al Oeste noroeste y disminuyendo su velocidad de traslaci\u00f3n.<\/p>\n<p>El pr\u00f3ximo aviso de cicl\u00f3n tropical sobre este organismo se emitir\u00e1 a las seis de la ma\u00f1ana del domingo.<\/p>\n<p>A. S\u00e1nchez\u00a0\u00a0\u00a0 Y. Berm\u00fadez.<\/p>\n","protected":false},"excerpt":{"rendered":"<p>Del editor: El No. correcto de este aviso es el No. 5 ********************************************************************************* Aviso de Cicl\u00f3n Tropical. Centro de Pron\u00f3sticos, INSMET. Fecha: 28 de Agosto de 2010 Hora: 6:00 PM. AVISO DE CICLON TROPICAL No 3. TORMENTA TROPICAL EARL. &#8230;La Tormenta Tropical Earl contin\u00faa movi\u00e9ndose al Oeste&#8230; A las seis de la tarde de hoy [&hellip;]<\/p>\n","protected":false},"author":169,"featured_media":0,"comment_status":"closed","ping_status":"open","sticky":false,"template":"","format":"standard","meta":[],"categories":[55,171,7],"tags":[],"_links":{"self":[{"href":"https:\/\/blogs.sld.cu\/behique\/wp-json\/wp\/v2\/posts\/563"}],"collection":[{"href":"https:\/\/blogs.sld.cu\/behique\/wp-json\/wp\/v2\/posts"}],"about":[{"href":"https:\/\/blogs.sld.cu\/behique\/wp-json\/wp\/v2\/types\/post"}],"author":[{"embeddable":true,"href":"https:\/\/blogs.sld.cu\/behique\/wp-json\/wp\/v2\/users\/169"}],"replies":[{"embeddable":true,"href":"https:\/\/blogs.sld.cu\/behique\/wp-json\/wp\/v2\/comments?post=563"}],"version-history":[{"count":0,"href":"https:\/\/blogs.sld.cu\/behique\/wp-json\/wp\/v2\/posts\/563\/revisions"}],"wp:attachment":[{"href":"https:\/\/blogs.sld.cu\/behique\/wp-json\/wp\/v2\/media?parent=563"}],"wp:term":[{"taxonomy":"category","embeddable":true,"href":"https:\/\/blogs.sld.cu\/behique\/wp-json\/wp\/v2\/categories?post=563"},{"taxonomy":"post_tag","embeddable":true,"href":"https:\/\/blogs.sld.cu\/behique\/wp-json\/wp\/v2\/tags?post=563"}],"curies":[{"name":"wp","href":"https:\/\/api.w.org\/{rel}","templated":true}]}}