{"id":566,"date":"2010-08-29T08:13:20","date_gmt":"2010-08-29T12:13:20","guid":{"rendered":"http:\/\/blogviejo.sld.cu\/avisosciclon\/?p=566"},"modified":"2010-08-29T08:13:20","modified_gmt":"2010-08-29T12:13:20","slug":"tormenta-tropical-earl-aviso-no-6","status":"publish","type":"post","link":"https:\/\/blogs.sld.cu\/behique\/2010\/08\/29\/tormenta-tropical-earl-aviso-no-6\/","title":{"rendered":"Tormenta tropical Earl Aviso No. 6"},"content":{"rendered":"<p>Nota del editor: El No. que corresponde a este aviso es el No. 6.<\/p>\n<p>***********************************************************************************<\/p>\n<p>Aviso de Cicl\u00f3n Tropical.<br \/>\nCentro de Pron\u00f3sticos, INSMET.<br \/>\nFecha: 29 de Agosto de 2010 Hora: 6:00 AM.<\/p>\n<p>AVISO DE CICLON TROPICAL No 5.<\/p>\n<p>TORMENTA TROPICAL EARL.<\/p>\n<p>&#8230;La Tormenta Tropical Earl contin\u00faa movi\u00e9ndose al Oeste&#8230;<\/p>\n<p>A las seis de la ma\u00f1ana de hoy la regi\u00f3n central de la tormenta tropical Earl fue estimada en los 16.9 grados de latitud Norte y los 57.2 grados de longitud Oeste, posici\u00f3n que la sit\u00faa a unos 490 kil\u00f3metros al Este del grupo norte de las Antillas Menores.<\/p>\n<p>Earl tiene vientos m\u00e1ximos sostenidos de 100 kil\u00f3metros por hora, con rachas superiores y su presi\u00f3n central es ahora de 989 hectoPascal. Contin\u00faa movi\u00e9ndose con rumbo pr\u00f3ximo al Oeste a 30 kil\u00f3metros por hora.<\/p>\n<p>Se pronostica que durante las pr\u00f3ximas 24 a 48 horas este sistema incline su trayectoria al Oeste noroeste, disminuyendo gradualmente su velocidad de traslaci\u00f3n, pudiendo convertirse en un hurac\u00e1n en la tarde o la noche de hoy.<\/p>\n<p>El pr\u00f3ximo aviso de cicl\u00f3n tropical sobre este organismo se emitir\u00e1 a las seis de la tarde del domingo.<\/p>\n<p>Y. Cede\u00f1o\u00a0\u00a0\u00a0 J. Palacios.<\/p>\n","protected":false},"excerpt":{"rendered":"<p>Nota del editor: El No. que corresponde a este aviso es el No. 6. *********************************************************************************** Aviso de Cicl\u00f3n Tropical. Centro de Pron\u00f3sticos, INSMET. Fecha: 29 de Agosto de 2010 Hora: 6:00 AM. AVISO DE CICLON TROPICAL No 5. TORMENTA TROPICAL EARL. &#8230;La Tormenta Tropical Earl contin\u00faa movi\u00e9ndose al Oeste&#8230; A las seis de la ma\u00f1ana [&hellip;]<\/p>\n","protected":false},"author":169,"featured_media":0,"comment_status":"closed","ping_status":"open","sticky":false,"template":"","format":"standard","meta":[],"categories":[55,171,7],"tags":[],"_links":{"self":[{"href":"https:\/\/blogs.sld.cu\/behique\/wp-json\/wp\/v2\/posts\/566"}],"collection":[{"href":"https:\/\/blogs.sld.cu\/behique\/wp-json\/wp\/v2\/posts"}],"about":[{"href":"https:\/\/blogs.sld.cu\/behique\/wp-json\/wp\/v2\/types\/post"}],"author":[{"embeddable":true,"href":"https:\/\/blogs.sld.cu\/behique\/wp-json\/wp\/v2\/users\/169"}],"replies":[{"embeddable":true,"href":"https:\/\/blogs.sld.cu\/behique\/wp-json\/wp\/v2\/comments?post=566"}],"version-history":[{"count":0,"href":"https:\/\/blogs.sld.cu\/behique\/wp-json\/wp\/v2\/posts\/566\/revisions"}],"wp:attachment":[{"href":"https:\/\/blogs.sld.cu\/behique\/wp-json\/wp\/v2\/media?parent=566"}],"wp:term":[{"taxonomy":"category","embeddable":true,"href":"https:\/\/blogs.sld.cu\/behique\/wp-json\/wp\/v2\/categories?post=566"},{"taxonomy":"post_tag","embeddable":true,"href":"https:\/\/blogs.sld.cu\/behique\/wp-json\/wp\/v2\/tags?post=566"}],"curies":[{"name":"wp","href":"https:\/\/api.w.org\/{rel}","templated":true}]}}