{"id":57,"date":"2008-08-19T01:40:32","date_gmt":"2008-08-19T05:40:32","guid":{"rendered":"http:\/\/blogviejo.sld.cu\/avisosciclon\/2008\/08\/19\/tormenta-tropical-fay-aviso-no-14\/"},"modified":"2008-08-19T01:40:32","modified_gmt":"2008-08-19T05:40:32","slug":"tormenta-tropical-fay-aviso-no-14","status":"publish","type":"post","link":"https:\/\/blogs.sld.cu\/behique\/2008\/08\/19\/tormenta-tropical-fay-aviso-no-14\/","title":{"rendered":"Tormenta tropical Fay Aviso No. 14"},"content":{"rendered":"<p>Aviso de Cicl\u00f3n Tropical.<br \/>\nCentro de Pron\u00f3sticos, INSMET.<br \/>\nFecha: 19 de agosto de 2008. Hora: 12:00 a.m.<\/p>\n<p>AVISO DE CICL\u00d3N TROPICAL No. 14<\/p>\n<p>TORMENTA TROPICAL FAY<\/p>\n<p>Fay se aproxima a la costa suroeste de La Florida<\/p>\n<p>La tormenta tropical Fay cruz\u00f3 sobre los cayos de La Florida y se aproxima a la costa suroeste de esta pen\u00ednsula. A la medianoche su centro se estim\u00f3 en los 25.4 grados de latitud norte y los 81.9 grados de longitud oeste, posici\u00f3n que lo sit\u00faa a unos 100 kil\u00f3metros al norte de Cayo Hueso, Florida.<\/p>\n<p>Fay se mantiene con vientos m\u00e1ximos sostenidos de 95 kil\u00f3metros por hora y su presi\u00f3n m\u00ednima central ha descendido hasta 995 hectoPascal. Se mueve con un rumbo pr\u00f3ximo al norte a 15 kil\u00f3metros por hora.<\/p>\n<p>Se pronostica que en las pr\u00f3ximas 12 a 24 horas el centro de Fay penetre en tierra por la costa suroeste de la Pen\u00ednsula de la Florida, con posibilidades fortalecerse y alcanzar la categor\u00eda de hurac\u00e1n.<\/p>\n<p>El pr\u00f3ximo aviso de cicl\u00f3n tropical se emitir\u00e1 a la seis de la ma\u00f1ana de hoy.<\/p>\n<p>Y. Berm\u00fadez<\/p>\n","protected":false},"excerpt":{"rendered":"<p>Aviso de Cicl\u00f3n Tropical. Centro de Pron\u00f3sticos, INSMET. Fecha: 19 de agosto de 2008. Hora: 12:00 a.m. AVISO DE CICL\u00d3N TROPICAL No. 14 TORMENTA TROPICAL FAY Fay se aproxima a la costa suroeste de La Florida La tormenta tropical Fay cruz\u00f3 sobre los cayos de La Florida y se aproxima a la costa suroeste de [&hellip;]<\/p>\n","protected":false},"author":169,"featured_media":0,"comment_status":"closed","ping_status":"open","sticky":false,"template":"","format":"standard","meta":[],"categories":[60,110,5],"tags":[],"_links":{"self":[{"href":"https:\/\/blogs.sld.cu\/behique\/wp-json\/wp\/v2\/posts\/57"}],"collection":[{"href":"https:\/\/blogs.sld.cu\/behique\/wp-json\/wp\/v2\/posts"}],"about":[{"href":"https:\/\/blogs.sld.cu\/behique\/wp-json\/wp\/v2\/types\/post"}],"author":[{"embeddable":true,"href":"https:\/\/blogs.sld.cu\/behique\/wp-json\/wp\/v2\/users\/169"}],"replies":[{"embeddable":true,"href":"https:\/\/blogs.sld.cu\/behique\/wp-json\/wp\/v2\/comments?post=57"}],"version-history":[{"count":0,"href":"https:\/\/blogs.sld.cu\/behique\/wp-json\/wp\/v2\/posts\/57\/revisions"}],"wp:attachment":[{"href":"https:\/\/blogs.sld.cu\/behique\/wp-json\/wp\/v2\/media?parent=57"}],"wp:term":[{"taxonomy":"category","embeddable":true,"href":"https:\/\/blogs.sld.cu\/behique\/wp-json\/wp\/v2\/categories?post=57"},{"taxonomy":"post_tag","embeddable":true,"href":"https:\/\/blogs.sld.cu\/behique\/wp-json\/wp\/v2\/tags?post=57"}],"curies":[{"name":"wp","href":"https:\/\/api.w.org\/{rel}","templated":true}]}}