{"id":577,"date":"2010-08-30T22:55:08","date_gmt":"2010-08-31T02:55:08","guid":{"rendered":"http:\/\/blogviejo.sld.cu\/avisosciclon\/?p=577"},"modified":"2010-08-30T22:55:08","modified_gmt":"2010-08-31T02:55:08","slug":"huracan-earl-aviso-no-10","status":"publish","type":"post","link":"https:\/\/blogs.sld.cu\/behique\/2010\/08\/30\/huracan-earl-aviso-no-10\/","title":{"rendered":"Hurac\u00e1n Earl Aviso No. 10"},"content":{"rendered":"<p>Nota del editor: El n\u00famero correcto de este aviso es el No. 10.<\/p>\n<p>*********************************************************************************************<\/p>\n<p>Aviso de Cicl\u00f3n Tropical.<br \/>\nCentro de Pron\u00f3sticos, INSMET.<br \/>\nFecha: 30 de Agosto de 2010 Hora: 6:00 PM.<\/p>\n<p>AVISO DE CICLON TROPICAL No 9.<\/p>\n<p>HURACAN EARL.<\/p>\n<p>&#8230;Earl es en un hurac\u00e1n categor\u00eda cuatro&#8230;<\/p>\n<p>El Hurac\u00e1n Earl continu\u00f3 ganando en intensidad y ahora tiene vientos m\u00e1ximos sostenidos de 215 kil\u00f3metros por hora, con rachas superiores por lo que es un hurac\u00e1n categor\u00eda cuatro en la escala Saffir &#8211; Simpson de un m\u00e1ximo de cinco. Tiene una presi\u00f3n m\u00ednima central de 948 hPa y se mueve al Oestenoroeste a unos 24 km\/h.<\/p>\n<p>A las seis de la tarde su centro fue estimado en 19.4 grados de latitud Norte y 64.9 grados de longitud Oeste, posici\u00f3n que lo sit\u00faa a unos 160 kil\u00f3metros al Nordeste de San Juan, Puerto Rico.<\/p>\n<p>Se pronostica que durante las pr\u00f3ximas 12 a 24 horas continuar\u00e1 con igual rumbo y desde ma\u00f1ana gir\u00e1 su trayectoria hacia el Noroeste pudiendo fortalecerse a\u00fan m\u00e1s.<\/p>\n<p>El pr\u00f3ximo aviso de cicl\u00f3n tropical sobre este organismo se emitir\u00e1 a las seis de la ma\u00f1ana del martes.<\/p>\n<p>J. Gonz\u00e1lez\u00a0 G. Acosta<\/p>\n","protected":false},"excerpt":{"rendered":"<p>Nota del editor: El n\u00famero correcto de este aviso es el No. 10. ********************************************************************************************* Aviso de Cicl\u00f3n Tropical. Centro de Pron\u00f3sticos, INSMET. Fecha: 30 de Agosto de 2010 Hora: 6:00 PM. AVISO DE CICLON TROPICAL No 9. HURACAN EARL. &#8230;Earl es en un hurac\u00e1n categor\u00eda cuatro&#8230; El Hurac\u00e1n Earl continu\u00f3 ganando en intensidad y ahora [&hellip;]<\/p>\n","protected":false},"author":169,"featured_media":0,"comment_status":"closed","ping_status":"open","sticky":false,"template":"","format":"standard","meta":[],"categories":[55,171,7],"tags":[],"_links":{"self":[{"href":"https:\/\/blogs.sld.cu\/behique\/wp-json\/wp\/v2\/posts\/577"}],"collection":[{"href":"https:\/\/blogs.sld.cu\/behique\/wp-json\/wp\/v2\/posts"}],"about":[{"href":"https:\/\/blogs.sld.cu\/behique\/wp-json\/wp\/v2\/types\/post"}],"author":[{"embeddable":true,"href":"https:\/\/blogs.sld.cu\/behique\/wp-json\/wp\/v2\/users\/169"}],"replies":[{"embeddable":true,"href":"https:\/\/blogs.sld.cu\/behique\/wp-json\/wp\/v2\/comments?post=577"}],"version-history":[{"count":0,"href":"https:\/\/blogs.sld.cu\/behique\/wp-json\/wp\/v2\/posts\/577\/revisions"}],"wp:attachment":[{"href":"https:\/\/blogs.sld.cu\/behique\/wp-json\/wp\/v2\/media?parent=577"}],"wp:term":[{"taxonomy":"category","embeddable":true,"href":"https:\/\/blogs.sld.cu\/behique\/wp-json\/wp\/v2\/categories?post=577"},{"taxonomy":"post_tag","embeddable":true,"href":"https:\/\/blogs.sld.cu\/behique\/wp-json\/wp\/v2\/tags?post=577"}],"curies":[{"name":"wp","href":"https:\/\/api.w.org\/{rel}","templated":true}]}}