{"id":596,"date":"2010-09-01T14:34:50","date_gmt":"2010-09-01T18:34:50","guid":{"rendered":"http:\/\/blogviejo.sld.cu\/avisosciclon\/?p=596"},"modified":"2010-09-01T14:34:50","modified_gmt":"2010-09-01T18:34:50","slug":"depresion-tropical-no-9-aviso-no-1-2","status":"publish","type":"post","link":"https:\/\/blogs.sld.cu\/behique\/2010\/09\/01\/depresion-tropical-no-9-aviso-no-1-2\/","title":{"rendered":"Depresi\u00f3n tropical No. 9 Aviso No. 1"},"content":{"rendered":"<p>Aviso de Cicl\u00f3n Tropical.<br \/>\nCentro de Pron\u00f3sticos, INSMET.<br \/>\nFecha: 1 de Septiembre de 2010 Hora: 11:00 AM.<\/p>\n<p>AVISO DE CICLON TROPICAL No 1.<\/p>\n<p>DEPRESION TROPICAL # 9.<\/p>\n<p>&#8230; Se form\u00f3 la depresi\u00f3n tropical n\u00famero 9&#8230;<\/p>\n<p>Un \u00e1rea de bajas presiones localizada en el Atl\u00e1ntico lejano al Oeste suroeste de las Islas de Cabo Verde continu\u00f3 organiz\u00e1ndose mejor durante la madrugada y ma\u00f1ana, convirti\u00e9ndose en la depresi\u00f3n tropical n\u00famero 9 de la actual temporada cicl\u00f3nica.<\/p>\n<p>A las once de ma\u00f1ana su regi\u00f3n central se localiz\u00f3 en 12.4 grados de latitud Norte y 35.8 grados de longitud Oeste, posici\u00f3n que la sit\u00faa a unos 1335 kil\u00f3metros al Oeste suroeste de las Islas de Cabo Verde.<\/p>\n<p>La depresi\u00f3n tropical tiene vientos m\u00e1ximos sostenidos de 55 kil\u00f3metros por hora, con rachas superiores y una presi\u00f3n central de 1006 hectoPascal; desplaz\u00e1ndose al Oeste a 24 kil\u00f3metros por hora.<\/p>\n<p>Se pronostica que durante las pr\u00f3ximas 24 a 48 horas, este organismo tropical continu\u00e9 ganando en organizaci\u00f3n e intensidad, moviendo con un rumbo pr\u00f3ximo entre el Oeste y Oeste noroeste.<\/p>\n<p>El pr\u00f3ximo aviso de cicl\u00f3n tropical se emitir\u00e1 a las seis de la tarde de hoy.<\/p>\n<p>Y. Berm\u00fadez Y. Mart\u00ednez.<\/p>\n","protected":false},"excerpt":{"rendered":"<p>Aviso de Cicl\u00f3n Tropical. Centro de Pron\u00f3sticos, INSMET. Fecha: 1 de Septiembre de 2010 Hora: 11:00 AM. AVISO DE CICLON TROPICAL No 1. DEPRESION TROPICAL # 9. &#8230; Se form\u00f3 la depresi\u00f3n tropical n\u00famero 9&#8230; Un \u00e1rea de bajas presiones localizada en el Atl\u00e1ntico lejano al Oeste suroeste de las Islas de Cabo Verde continu\u00f3 [&hellip;]<\/p>\n","protected":false},"author":169,"featured_media":0,"comment_status":"closed","ping_status":"open","sticky":false,"template":"","format":"standard","meta":[],"categories":[65,174,7],"tags":[],"_links":{"self":[{"href":"https:\/\/blogs.sld.cu\/behique\/wp-json\/wp\/v2\/posts\/596"}],"collection":[{"href":"https:\/\/blogs.sld.cu\/behique\/wp-json\/wp\/v2\/posts"}],"about":[{"href":"https:\/\/blogs.sld.cu\/behique\/wp-json\/wp\/v2\/types\/post"}],"author":[{"embeddable":true,"href":"https:\/\/blogs.sld.cu\/behique\/wp-json\/wp\/v2\/users\/169"}],"replies":[{"embeddable":true,"href":"https:\/\/blogs.sld.cu\/behique\/wp-json\/wp\/v2\/comments?post=596"}],"version-history":[{"count":0,"href":"https:\/\/blogs.sld.cu\/behique\/wp-json\/wp\/v2\/posts\/596\/revisions"}],"wp:attachment":[{"href":"https:\/\/blogs.sld.cu\/behique\/wp-json\/wp\/v2\/media?parent=596"}],"wp:term":[{"taxonomy":"category","embeddable":true,"href":"https:\/\/blogs.sld.cu\/behique\/wp-json\/wp\/v2\/categories?post=596"},{"taxonomy":"post_tag","embeddable":true,"href":"https:\/\/blogs.sld.cu\/behique\/wp-json\/wp\/v2\/tags?post=596"}],"curies":[{"name":"wp","href":"https:\/\/api.w.org\/{rel}","templated":true}]}}